{"id":13117,"date":"2013-05-14T00:00:00","date_gmt":"2013-05-14T00:00:00","guid":{"rendered":"https:\/\/granda.com\/la-comunidad-hispanoamericana-de-madrid-ya-puede-rezar-ante-la-nueva-imagen-de-la-virgen-de-guadalupe-de-la-almudena\/"},"modified":"2022-10-06T11:05:43","modified_gmt":"2022-10-06T11:05:43","slug":"the-hispanic-american-community-of-madrid-can-now-pray-before-the-new-image-of-the-virgin-of-guadalupe-in-la-almudena","status":"publish","type":"post","link":"https:\/\/granda.com\/en\/la-comunidad-hispanoamericana-de-madrid-ya-puede-rezar-ante-la-nueva-imagen-de-la-virgen-de-guadalupe-de-la-almudena\/","title":{"rendered":"The Hispanic American community of Madrid can now pray before the new image of the Virgin of Guadalupe in the Almudena"},"content":{"rendered":"<p>The <strong>new image of the Virgin of Guadalupe <\/strong>made by<strong> GRANDA <\/strong>for the crypt of the <strong>Almudena Cathedral<\/strong> of Madrid, is already installed inside the temple.<\/p>\n<p>The image was commissioned by<strong> Mr. Jos\u00e9 Antonio Hern\u00e1ndez<\/strong>Jos\u00e9 Antonio, parochial vicar of the crypt. On more than one occasion, D. Jos\u00e9 Antonio observed that many people from the American continent approached the doors of the Almudena Cathedral and knelt right there, in front of the leaf of one of them on which is depicted the <strong>Virgin of Guadalupe, patron saint of the American continent<\/strong>.<\/p>\n<p>There were few images of the Virgin of Guadalupe in Madrid and none inside the cathedral. To make up for this, and as <strong>pastoral care for Hispanic-Americans living in Madrid<\/strong>Jos\u00e9 Antonio commissioned GRANDA to create a sculpture of the Virgin of Guadalupe, <strong>symbol of religious unity throughout the Americas<\/strong>The Hispanic American community could gather and pray in front of it.<\/p>","protected":false},"excerpt":{"rendered":"<p>La nueva imagen de la Virgen de Guadalupe realizada por GRANDA para la cripta de la Catedral de la Almudena de Madrid, ya se encuentra instalada en el interior del templo. La imagen ha sido encargada por D. Jos\u00e9 Antonio Hern\u00e1ndez, vicario parroquial de la cripta. En m\u00e1s de una ocasi\u00f3n, D. Jos\u00e9 Antonio observ\u00f3 [&hellip;]<\/p>\n","protected":false},"author":4416,"featured_media":0,"comment_status":"open","ping_status":"closed","sticky":false,"template":"","format":"standard","meta":{"_acf_changed":false,"_monsterinsights_skip_tracking":false,"_monsterinsights_sitenote_active":false,"_monsterinsights_sitenote_note":"","_monsterinsights_sitenote_category":0,"footnotes":""},"categories":[210,212],"tags":[314,233,238,253],"lista_post":[],"class_list":["post-13117","post","type-post","status-publish","format-standard","hentry","category-proyectos","category-talla-y-retablos","tag-catedral-de-la-almudena","tag-escultura","tag-proyectos-granda","tag-talla"],"acf":[],"_links":{"self":[{"href":"https:\/\/granda.com\/en\/wp-json\/wp\/v2\/posts\/13117","targetHints":{"allow":["GET"]}}],"collection":[{"href":"https:\/\/granda.com\/en\/wp-json\/wp\/v2\/posts"}],"about":[{"href":"https:\/\/granda.com\/en\/wp-json\/wp\/v2\/types\/post"}],"author":[{"embeddable":true,"href":"https:\/\/granda.com\/en\/wp-json\/wp\/v2\/users\/4416"}],"replies":[{"embeddable":true,"href":"https:\/\/granda.com\/en\/wp-json\/wp\/v2\/comments?post=13117"}],"version-history":[{"count":1,"href":"https:\/\/granda.com\/en\/wp-json\/wp\/v2\/posts\/13117\/revisions"}],"predecessor-version":[{"id":17475,"href":"https:\/\/granda.com\/en\/wp-json\/wp\/v2\/posts\/13117\/revisions\/17475"}],"wp:attachment":[{"href":"https:\/\/granda.com\/en\/wp-json\/wp\/v2\/media?parent=13117"}],"wp:term":[{"taxonomy":"category","embeddable":true,"href":"https:\/\/granda.com\/en\/wp-json\/wp\/v2\/categories?post=13117"},{"taxonomy":"post_tag","embeddable":true,"href":"https:\/\/granda.com\/en\/wp-json\/wp\/v2\/tags?post=13117"},{"taxonomy":"lista_post","embeddable":true,"href":"https:\/\/granda.com\/en\/wp-json\/wp\/v2\/lista_post?post=13117"}],"curies":[{"name":"wp","href":"https:\/\/api.w.org\/{rel}","templated":true}]}}