{"id":13143,"date":"2013-11-30T00:00:00","date_gmt":"2013-11-30T00:00:00","guid":{"rendered":"https:\/\/granda.com\/una-iglesia-abandonada-se-convierte-en-la-libreria-mas-bella-del-mundo\/"},"modified":"2022-10-06T10:51:41","modified_gmt":"2022-10-06T10:51:41","slug":"an-abandoned-church-becomes-the-most-beautiful-bookstore-in-the-world","status":"publish","type":"post","link":"https:\/\/granda.com\/en\/una-iglesia-abandonada-se-convierte-en-la-libreria-mas-bella-del-mundo\/","title":{"rendered":"An abandoned church becomes the world's most beautiful bookstore"},"content":{"rendered":"<p>It is called <strong>Selexyz Dominicanen<\/strong>is located in Maastricht and is considered the most beautiful bookstore in the world. It is also one of the most original, although due to its overflowing beauty, its uniqueness is less often mentioned. <strong>church more than 700 years old<\/strong>.<\/p>\n<p>Located in the heart of <strong>Maastricht<\/strong>has existed as a bookstore since 2006 and, in addition to its old but well-preserved facilities, there are some modern additions (the work of the <strong>architects Merkx and Girod<\/strong>) that do not break the harmony of a church that has been abandoned for two centuries and that before being a bookstore was a warehouse, an archive and even bicycles have been kept there. Today, it contains an interesting selection of children's books, art books, literature, travel books, etc.<\/p>\n<p>In the old sanctuary of the church is today the coffee shop \"Blanche Dael Coffee Lovers\". The choir is used as a stage and during the weekend discussions, readings, interviews, concerts and exhibitions are held.<\/p>\n<p>Today, November 29th, Bookstore Day 2013, we invite you to discover the most beautiful bookstores in the world collected by ABC newspaper: http:\/\/www.abc.es\/viajar\/top\/20130423\/abci-mejores-librerias-mundo-201304221203_1.html<\/p>","protected":false},"excerpt":{"rendered":"<p>Se llama Selexyz Dominicanen, se encuentra en Maastricht y est\u00e1 considerada la librer\u00eda m\u00e1s bella del mundo. Es tambi\u00e9n de las m\u00e1s originales aunque por su desbordante hermosura, se alude menos a su singularidad: est\u00e1 en una iglesia de m\u00e1s de 700 a\u00f1os. Ubicada en el coraz\u00f3n de Maastricht, existe como librer\u00eda desde 2006 y [&hellip;]<\/p>\n","protected":false},"author":4416,"featured_media":0,"comment_status":"open","ping_status":"closed","sticky":false,"template":"","format":"standard","meta":{"_acf_changed":false,"_monsterinsights_skip_tracking":false,"_monsterinsights_sitenote_active":false,"_monsterinsights_sitenote_note":"","_monsterinsights_sitenote_category":0,"footnotes":""},"categories":[201],"tags":[370,380,381,382,383,384],"lista_post":[],"class_list":["post-13143","post","type-post","status-publish","format-standard","hentry","category-arquitectura","tag-arquitectura","tag-iglesia","tag-iglesias-en-maastricht","tag-maastricht","tag-merkx-girod","tag-selexyz-dominicanen"],"acf":[],"_links":{"self":[{"href":"https:\/\/granda.com\/en\/wp-json\/wp\/v2\/posts\/13143","targetHints":{"allow":["GET"]}}],"collection":[{"href":"https:\/\/granda.com\/en\/wp-json\/wp\/v2\/posts"}],"about":[{"href":"https:\/\/granda.com\/en\/wp-json\/wp\/v2\/types\/post"}],"author":[{"embeddable":true,"href":"https:\/\/granda.com\/en\/wp-json\/wp\/v2\/users\/4416"}],"replies":[{"embeddable":true,"href":"https:\/\/granda.com\/en\/wp-json\/wp\/v2\/comments?post=13143"}],"version-history":[{"count":1,"href":"https:\/\/granda.com\/en\/wp-json\/wp\/v2\/posts\/13143\/revisions"}],"predecessor-version":[{"id":17447,"href":"https:\/\/granda.com\/en\/wp-json\/wp\/v2\/posts\/13143\/revisions\/17447"}],"wp:attachment":[{"href":"https:\/\/granda.com\/en\/wp-json\/wp\/v2\/media?parent=13143"}],"wp:term":[{"taxonomy":"category","embeddable":true,"href":"https:\/\/granda.com\/en\/wp-json\/wp\/v2\/categories?post=13143"},{"taxonomy":"post_tag","embeddable":true,"href":"https:\/\/granda.com\/en\/wp-json\/wp\/v2\/tags?post=13143"},{"taxonomy":"lista_post","embeddable":true,"href":"https:\/\/granda.com\/en\/wp-json\/wp\/v2\/lista_post?post=13143"}],"curies":[{"name":"wp","href":"https:\/\/api.w.org\/{rel}","templated":true}]}}