{"id":13157,"date":"2014-09-25T00:00:00","date_gmt":"2014-09-25T00:00:00","guid":{"rendered":"https:\/\/granda.com\/granda-en-la-beatificacion-de-alvaro-del-portillo\/"},"modified":"2022-10-06T10:40:56","modified_gmt":"2022-10-06T10:40:56","slug":"granda-at-the-beatification-of-alvaro-del-portillo","status":"publish","type":"post","link":"https:\/\/granda.com\/en\/granda-en-la-beatificacion-de-alvaro-del-portillo\/","title":{"rendered":"Granda, at the beatification of \u00c1lvaro del Portillo"},"content":{"rendered":"<p><strong>There will be a tent <\/strong>where different commemorative medals of the Blessed will be available to the attendees.<\/p>\n<p>The <strong>next September 27th<\/strong>The ceremony for the beatification of Alvaro del Portillo, successor of St. Josemar\u00eda Escriv\u00e1 at the head of Opus Dei, will take place in Valdebebas (Madrid) at 12:00 noon.<\/p>\n<p>For the purpose of <strong>to spread the knowledge of his figure<\/strong> and of the work developed during his life, <a href=\"https:\/\/granda.com\/en\/\">Granda<\/a> has created a series of <strong>commemorative works with the figure of the Blessed<\/strong> \u00c1lvaro del Portillo, who will offer visitors to the tent at the <a href=\"http:\/\/ww.granda.com\">Granda<\/a> installed inside the enclosure.<\/p>","protected":false},"excerpt":{"rendered":"<p>Contar\u00e1 con una carpa donde pondr\u00e1 a disposici\u00f3n de los asistentes diferentes medallas conmemorativas del beato. El pr\u00f3ximo 27 de septiembre, a las 12:00 del mediod\u00eda, tendr\u00e1 lugar en Valdebebas (Madrid), la ceremonia de beatificaci\u00f3n de \u00c1lvaro del Portillo, sucesor de San Josemar\u00eda Escriv\u00e1 al frente del Opus Dei. Con el prop\u00f3sito de difundir el [&hellip;]<\/p>\n","protected":false},"author":4416,"featured_media":13158,"comment_status":"open","ping_status":"closed","sticky":false,"template":"","format":"standard","meta":{"_acf_changed":false,"_monsterinsights_skip_tracking":false,"_monsterinsights_sitenote_active":false,"_monsterinsights_sitenote_note":"","_monsterinsights_sitenote_category":0,"footnotes":""},"categories":[200],"tags":[408,217,220],"lista_post":[],"class_list":["post-13157","post","type-post","status-publish","format-standard","has-post-thumbnail","hentry","category-actualidad-en-los-medios","tag-beatificacion-alvaro-del-portillo","tag-granda","tag-valdebebas"],"acf":[],"_links":{"self":[{"href":"https:\/\/granda.com\/en\/wp-json\/wp\/v2\/posts\/13157","targetHints":{"allow":["GET"]}}],"collection":[{"href":"https:\/\/granda.com\/en\/wp-json\/wp\/v2\/posts"}],"about":[{"href":"https:\/\/granda.com\/en\/wp-json\/wp\/v2\/types\/post"}],"author":[{"embeddable":true,"href":"https:\/\/granda.com\/en\/wp-json\/wp\/v2\/users\/4416"}],"replies":[{"embeddable":true,"href":"https:\/\/granda.com\/en\/wp-json\/wp\/v2\/comments?post=13157"}],"version-history":[{"count":1,"href":"https:\/\/granda.com\/en\/wp-json\/wp\/v2\/posts\/13157\/revisions"}],"predecessor-version":[{"id":17427,"href":"https:\/\/granda.com\/en\/wp-json\/wp\/v2\/posts\/13157\/revisions\/17427"}],"wp:featuredmedia":[{"embeddable":true,"href":"https:\/\/granda.com\/en\/wp-json\/wp\/v2\/media\/13158"}],"wp:attachment":[{"href":"https:\/\/granda.com\/en\/wp-json\/wp\/v2\/media?parent=13157"}],"wp:term":[{"taxonomy":"category","embeddable":true,"href":"https:\/\/granda.com\/en\/wp-json\/wp\/v2\/categories?post=13157"},{"taxonomy":"post_tag","embeddable":true,"href":"https:\/\/granda.com\/en\/wp-json\/wp\/v2\/tags?post=13157"},{"taxonomy":"lista_post","embeddable":true,"href":"https:\/\/granda.com\/en\/wp-json\/wp\/v2\/lista_post?post=13157"}],"curies":[{"name":"wp","href":"https:\/\/api.w.org\/{rel}","templated":true}]}}