{"id":13176,"date":"2014-12-03T00:00:00","date_gmt":"2014-12-03T00:00:00","guid":{"rendered":"https:\/\/granda.com\/el-arzobispo-de-santiago-inaugura-el-nuevo-presbiterio-de-la-parroquia-san-martin-de-o-grove\/"},"modified":"2022-10-06T10:37:56","modified_gmt":"2022-10-06T10:37:56","slug":"the-archbishop-of-santiago-inaugurates-the-new-presbytery-of-the-parish-of-san-martin-de-o-grove","status":"publish","type":"post","link":"https:\/\/granda.com\/en\/el-arzobispo-de-santiago-inaugura-el-nuevo-presbiterio-de-la-parroquia-san-martin-de-o-grove\/","title":{"rendered":"The Archbishop of Santiago inaugurates the new presbytery of the parish San Mart\u00edn de O Grove"},"content":{"rendered":"<p>Last Sunday, November 30, at 12:00 noon, the Archbishop of Santiago, Monsignor Juli\u00e1n Barrios, officiated at the inauguration mass of the new presbytery of the parish of San Mart\u00edn de O'Grove (Pontevedra).<\/p>\n<p>The current presbytery is presided over by two new reliefs in the form of an altarpiece representing the Miraculous Fishing and the vocation of St. James, which were made by Granda. In the center is a Christ of the property whose background serves to unite both reliefs.<\/p>\n<p>Granda has also made the altar, the ambo and the tabernacle pedestal, thus unifying the uniformity of the presbytery.<\/p>","protected":false},"excerpt":{"rendered":"<p>El pasado domingo 30 de noviembre a las 12:00 tuvo lugar una misa de inauguraci\u00f3n del nuevo presbiterio de la parroquia San Mart\u00edn de O'Grove (Pontevedra) cuya ceremonia fue oficiada por el Arzobispo de Santiago, Monse\u00f1or Juli\u00e1n Barrios. El presbiterio actual est\u00e1 presidido por dos nuevos relieves a modo de retablo que representan la Pesca [&hellip;]<\/p>\n","protected":false},"author":4416,"featured_media":13177,"comment_status":"open","ping_status":"closed","sticky":false,"template":"","format":"standard","meta":{"_acf_changed":false,"_monsterinsights_skip_tracking":false,"_monsterinsights_sitenote_active":false,"_monsterinsights_sitenote_note":"","_monsterinsights_sitenote_category":0,"footnotes":""},"categories":[210],"tags":[239,240,429,217,430,431,432,361,249],"lista_post":[],"class_list":["post-13176","post","type-post","status-publish","format-standard","has-post-thumbnail","hentry","category-proyectos","tag-altar","tag-ambon","tag-arzobispo-de-santiago","tag-granda","tag-inauguracion","tag-julian-bravo","tag-parroquia-san-martin-de-o-grove","tag-relieves","tag-retablo"],"acf":[],"_links":{"self":[{"href":"https:\/\/granda.com\/en\/wp-json\/wp\/v2\/posts\/13176","targetHints":{"allow":["GET"]}}],"collection":[{"href":"https:\/\/granda.com\/en\/wp-json\/wp\/v2\/posts"}],"about":[{"href":"https:\/\/granda.com\/en\/wp-json\/wp\/v2\/types\/post"}],"author":[{"embeddable":true,"href":"https:\/\/granda.com\/en\/wp-json\/wp\/v2\/users\/4416"}],"replies":[{"embeddable":true,"href":"https:\/\/granda.com\/en\/wp-json\/wp\/v2\/comments?post=13176"}],"version-history":[{"count":1,"href":"https:\/\/granda.com\/en\/wp-json\/wp\/v2\/posts\/13176\/revisions"}],"predecessor-version":[{"id":17419,"href":"https:\/\/granda.com\/en\/wp-json\/wp\/v2\/posts\/13176\/revisions\/17419"}],"wp:featuredmedia":[{"embeddable":true,"href":"https:\/\/granda.com\/en\/wp-json\/wp\/v2\/media\/13177"}],"wp:attachment":[{"href":"https:\/\/granda.com\/en\/wp-json\/wp\/v2\/media?parent=13176"}],"wp:term":[{"taxonomy":"category","embeddable":true,"href":"https:\/\/granda.com\/en\/wp-json\/wp\/v2\/categories?post=13176"},{"taxonomy":"post_tag","embeddable":true,"href":"https:\/\/granda.com\/en\/wp-json\/wp\/v2\/tags?post=13176"},{"taxonomy":"lista_post","embeddable":true,"href":"https:\/\/granda.com\/en\/wp-json\/wp\/v2\/lista_post?post=13176"}],"curies":[{"name":"wp","href":"https:\/\/api.w.org\/{rel}","templated":true}]}}