{"id":13215,"date":"2015-04-16T00:00:00","date_gmt":"2015-04-16T00:00:00","guid":{"rendered":"https:\/\/granda.com\/granda-realiza-las-casullas-de-la-ceremonia-de-conmemoracion-del-500-aniversario-del-nacimiento-de-santa-teresa-de-jesus\/"},"modified":"2022-10-06T10:27:41","modified_gmt":"2022-10-06T10:27:41","slug":"granda-makes-the-chasubles-for-the-ceremony-commemorating-the-500th-anniversary-of-the-birth-of-saint-teresa-de-jesus","status":"publish","type":"post","link":"https:\/\/granda.com\/en\/granda-realiza-las-casullas-de-la-ceremonia-de-conmemoracion-del-500-aniversario-del-nacimiento-de-santa-teresa-de-jesus\/","title":{"rendered":"Granda makes the chasubles for the ceremony commemorating the 500th anniversary of the birth of St. Teresa of Jesus."},"content":{"rendered":"<p>On March 28, the ceremony to commemorate the 500th anniversary of the birth of St. Teresa of Jesus took place in Avila. After a first Eucharist celebrated in the convent of the Saint of Avila, presided over by the Bishop of Avila, D. Jesus Garcia Burillo, and in which almost a thousand people were present, inside and outside the convent, a second Eucharist was held in the cathedral of Avila. Open to all citizens, it was attended by about 1,400 people.<\/p>\n<p>The Mass, presided by Cardinal D. Antonio Ca\u00f1izares, Archbishop of Valencia, counted with the intervention of the choir of the V Centenary.<\/p>\n<p>Granda was in charge of making more than 140 chasubles for such a solemn occasion. The chasubles, damascened and embroidered with golden threads, are machine-embroidered with a reproduction of the chrism of the parish church of San Andr\u00e9s de \u00c1vila.<\/p>","protected":false},"excerpt":{"rendered":"<p>El pasado 28 de marzo tuvo lugar en \u00c1vila la ceremonia de conmemoraci\u00f3n del 500 aniversario del nacimiento de Santa Teresa de Jes\u00fas. Tras una primera Eucarist\u00eda celebrada en el convento de la Santa de \u00c1vila, presidida por el obispo de \u00c1vila, D. Jes\u00fas Garc\u00eda Burillo, y en la que estuvieron presentes casi un millar [&hellip;]<\/p>\n","protected":false},"author":4416,"featured_media":13216,"comment_status":"open","ping_status":"closed","sticky":false,"template":"","format":"standard","meta":{"_acf_changed":false,"_monsterinsights_skip_tracking":false,"_monsterinsights_sitenote_active":false,"_monsterinsights_sitenote_note":"","_monsterinsights_sitenote_category":0,"footnotes":""},"categories":[200,207],"tags":[292,476,477,296,259],"lista_post":[],"class_list":["post-13215","post","type-post","status-publish","format-standard","has-post-thumbnail","hentry","category-actualidad-en-los-medios","category-ornamentos-textiles","tag-casullas","tag-casullas-bordadas","tag-centenario-nacimiento-santa-teresa-de-jesus","tag-los-rosales","tag-talleres-de-arte-granda"],"acf":[],"_links":{"self":[{"href":"https:\/\/granda.com\/en\/wp-json\/wp\/v2\/posts\/13215","targetHints":{"allow":["GET"]}}],"collection":[{"href":"https:\/\/granda.com\/en\/wp-json\/wp\/v2\/posts"}],"about":[{"href":"https:\/\/granda.com\/en\/wp-json\/wp\/v2\/types\/post"}],"author":[{"embeddable":true,"href":"https:\/\/granda.com\/en\/wp-json\/wp\/v2\/users\/4416"}],"replies":[{"embeddable":true,"href":"https:\/\/granda.com\/en\/wp-json\/wp\/v2\/comments?post=13215"}],"version-history":[{"count":1,"href":"https:\/\/granda.com\/en\/wp-json\/wp\/v2\/posts\/13215\/revisions"}],"predecessor-version":[{"id":17400,"href":"https:\/\/granda.com\/en\/wp-json\/wp\/v2\/posts\/13215\/revisions\/17400"}],"wp:featuredmedia":[{"embeddable":true,"href":"https:\/\/granda.com\/en\/wp-json\/wp\/v2\/media\/13216"}],"wp:attachment":[{"href":"https:\/\/granda.com\/en\/wp-json\/wp\/v2\/media?parent=13215"}],"wp:term":[{"taxonomy":"category","embeddable":true,"href":"https:\/\/granda.com\/en\/wp-json\/wp\/v2\/categories?post=13215"},{"taxonomy":"post_tag","embeddable":true,"href":"https:\/\/granda.com\/en\/wp-json\/wp\/v2\/tags?post=13215"},{"taxonomy":"lista_post","embeddable":true,"href":"https:\/\/granda.com\/en\/wp-json\/wp\/v2\/lista_post?post=13215"}],"curies":[{"name":"wp","href":"https:\/\/api.w.org\/{rel}","templated":true}]}}