{"id":13228,"date":"2015-05-18T00:00:00","date_gmt":"2015-05-18T00:00:00","guid":{"rendered":"https:\/\/granda.com\/conferencia-sobre-la-sabana-santa-en-la-iglesia-de-san-gines\/"},"modified":"2022-10-06T10:23:32","modified_gmt":"2022-10-06T10:23:32","slug":"conference-on-the-savanna-at-the-church-of-san-gines","status":"publish","type":"post","link":"https:\/\/granda.com\/en\/conferencia-sobre-la-sabana-santa-en-la-iglesia-de-san-gines\/","title":{"rendered":"Conference on the Shroud of Turin in the Church of San Gines"},"content":{"rendered":"<p>The next <strong>Saturday, May 23rd at 11:00 a.m.<\/strong>will be held in the auditorium of the Church of San Gin\u00e9s (Arenal, 14. Madrid). <strong>lecture \"Shroud of Turin. History and Science.\"<\/strong> by Mr. Daniel Jim\u00e9nez Gonz\u00e1lez, member of the Spanish Center of Sindonology and expert on the subject.<\/p>\n<p>It will be a journey through the history of the relic and an approach to the scientific data we have about it. It will be possible to contemplate a <strong>replica of the Shroud <\/strong>to actual size.<br \/>\nRSVP: info@nartex.org<\/p>","protected":false},"excerpt":{"rendered":"<p>El pr\u00f3ximo s\u00e1bado 23 de mayo a las 11:00, tendr\u00e1 lugar en el sal\u00f3n de actos de la Iglesia de San Gin\u00e9s (Arenal, 14. Madrid) la ponencia \"S\u00e1bana Santa. Historia y Ciencia\" a cargo de don Daniel Jim\u00e9nez Gonz\u00e1lez, socio del Centro Espa\u00f1ol de Sindonolog\u00eda y experto en el tema. Ser\u00e1 un recorrido a lo [&hellip;]<\/p>\n","protected":false},"author":4416,"featured_media":13229,"comment_status":"open","ping_status":"closed","sticky":false,"template":"","format":"standard","meta":{"_acf_changed":false,"_monsterinsights_skip_tracking":false,"_monsterinsights_sitenote_active":false,"_monsterinsights_sitenote_note":"","_monsterinsights_sitenote_category":0,"footnotes":""},"categories":[200],"tags":[484,485],"lista_post":[],"class_list":["post-13228","post","type-post","status-publish","format-standard","has-post-thumbnail","hentry","category-actualidad-en-los-medios","tag-conferencias","tag-sabana-santa"],"acf":[],"_links":{"self":[{"href":"https:\/\/granda.com\/en\/wp-json\/wp\/v2\/posts\/13228","targetHints":{"allow":["GET"]}}],"collection":[{"href":"https:\/\/granda.com\/en\/wp-json\/wp\/v2\/posts"}],"about":[{"href":"https:\/\/granda.com\/en\/wp-json\/wp\/v2\/types\/post"}],"author":[{"embeddable":true,"href":"https:\/\/granda.com\/en\/wp-json\/wp\/v2\/users\/4416"}],"replies":[{"embeddable":true,"href":"https:\/\/granda.com\/en\/wp-json\/wp\/v2\/comments?post=13228"}],"version-history":[{"count":1,"href":"https:\/\/granda.com\/en\/wp-json\/wp\/v2\/posts\/13228\/revisions"}],"predecessor-version":[{"id":17393,"href":"https:\/\/granda.com\/en\/wp-json\/wp\/v2\/posts\/13228\/revisions\/17393"}],"wp:featuredmedia":[{"embeddable":true,"href":"https:\/\/granda.com\/en\/wp-json\/wp\/v2\/media\/13229"}],"wp:attachment":[{"href":"https:\/\/granda.com\/en\/wp-json\/wp\/v2\/media?parent=13228"}],"wp:term":[{"taxonomy":"category","embeddable":true,"href":"https:\/\/granda.com\/en\/wp-json\/wp\/v2\/categories?post=13228"},{"taxonomy":"post_tag","embeddable":true,"href":"https:\/\/granda.com\/en\/wp-json\/wp\/v2\/tags?post=13228"},{"taxonomy":"lista_post","embeddable":true,"href":"https:\/\/granda.com\/en\/wp-json\/wp\/v2\/lista_post?post=13228"}],"curies":[{"name":"wp","href":"https:\/\/api.w.org\/{rel}","templated":true}]}}