{"id":13336,"date":"2015-12-10T00:00:00","date_gmt":"2015-12-10T00:00:00","guid":{"rendered":"https:\/\/granda.com\/la-iglesia-oculta-en-el-atico\/"},"modified":"2022-10-06T09:37:44","modified_gmt":"2022-10-06T09:37:44","slug":"the-church-hidden-in-the-attic","status":"publish","type":"post","link":"https:\/\/granda.com\/en\/la-iglesia-oculta-en-el-atico\/","title":{"rendered":"The hidden church in the attic"},"content":{"rendered":"<p>After almost a century of persecution of Catholics in Holland, Jan Hartman converted the attic of his house in 1662 into a clandestine church, hidden from the eyes of the authorities. Today it houses the museum Ons'Lieve Heer op Solder (Our Lord in the Attic) in Amsterdam.<\/p>\n<p>After the Reformation, Amsterdam became a Protestant capital where Catholic worship in public was forbidden. It was at this time that the first secret Catholic churches emerged.<\/p>\n<p>The transformation of the upper floor into a chapel took place between 1661 and 1663, and later a whole clandestine church was created. At a time when Catholicism was persecuted (from 1578 onwards), it was a good place to continue professing one's faith, although the authorities tended to turn a blind eye to the number of small Catholic churches and congregations that continued to exist.<\/p>\n<p>On the upper floor of the Amstelkring Museum is a small chapel with narrow pews and two half-tiers suspended from the roof. It is said that more than 150 worshippers could gather in the church.<\/p>\n<p>The baroque altar is the central axis of the church and its visual center, presided over by the \"Baptism of Christ\" by Jacob de Wit. There is a delicate removable mahogany pulpit on one of the columns of the altar.<\/p>\n<p>&nbsp;<\/p>","protected":false},"excerpt":{"rendered":"<p>Tras casi un siglo de persecuci\u00f3n a los cat\u00f3licos en Holanda, Jan Hartman convirti\u00f3 en 1662 el \u00e1tico de su casa en una iglesia clandestina, oculta a los ojos de las autoridades. Hoy acoge el museo Ons'Lieve Heer op Solder (Nuestro Se\u00f1or en el \u00c1tico) en \u00c1msterdam. Tras la Reforma, \u00c1msterdam se convirti\u00f3 en una [&hellip;]<\/p>\n","protected":false},"author":4416,"featured_media":0,"comment_status":"open","ping_status":"closed","sticky":false,"template":"","format":"standard","meta":{"_acf_changed":false,"_monsterinsights_skip_tracking":false,"_monsterinsights_sitenote_active":false,"_monsterinsights_sitenote_note":"","_monsterinsights_sitenote_category":0,"footnotes":""},"categories":[210],"tags":[616,617,618,619],"lista_post":[],"class_list":["post-13336","post","type-post","status-publish","format-standard","hentry","category-proyectos","tag-iglesia-clandestina","tag-iglesia-en-el-atico","tag-museos-amsterdam","tag-nuestro-senor-en-el-atico"],"acf":[],"_links":{"self":[{"href":"https:\/\/granda.com\/en\/wp-json\/wp\/v2\/posts\/13336","targetHints":{"allow":["GET"]}}],"collection":[{"href":"https:\/\/granda.com\/en\/wp-json\/wp\/v2\/posts"}],"about":[{"href":"https:\/\/granda.com\/en\/wp-json\/wp\/v2\/types\/post"}],"author":[{"embeddable":true,"href":"https:\/\/granda.com\/en\/wp-json\/wp\/v2\/users\/4416"}],"replies":[{"embeddable":true,"href":"https:\/\/granda.com\/en\/wp-json\/wp\/v2\/comments?post=13336"}],"version-history":[{"count":1,"href":"https:\/\/granda.com\/en\/wp-json\/wp\/v2\/posts\/13336\/revisions"}],"predecessor-version":[{"id":17348,"href":"https:\/\/granda.com\/en\/wp-json\/wp\/v2\/posts\/13336\/revisions\/17348"}],"wp:attachment":[{"href":"https:\/\/granda.com\/en\/wp-json\/wp\/v2\/media?parent=13336"}],"wp:term":[{"taxonomy":"category","embeddable":true,"href":"https:\/\/granda.com\/en\/wp-json\/wp\/v2\/categories?post=13336"},{"taxonomy":"post_tag","embeddable":true,"href":"https:\/\/granda.com\/en\/wp-json\/wp\/v2\/tags?post=13336"},{"taxonomy":"lista_post","embeddable":true,"href":"https:\/\/granda.com\/en\/wp-json\/wp\/v2\/lista_post?post=13336"}],"curies":[{"name":"wp","href":"https:\/\/api.w.org\/{rel}","templated":true}]}}