{"id":13380,"date":"2016-02-29T00:00:00","date_gmt":"2016-02-29T00:00:00","guid":{"rendered":"https:\/\/granda.com\/nuevo-expositor-para-la-parroquia-de-los-doce-apostoles-de-madrid\/"},"modified":"2022-10-06T09:27:46","modified_gmt":"2022-10-06T09:27:46","slug":"new-display-for-the-parish-of-the-twelve-apostles-in-madrid","status":"publish","type":"post","link":"https:\/\/granda.com\/en\/nuevo-expositor-para-la-parroquia-de-los-doce-apostoles-de-madrid\/","title":{"rendered":"New display for the parish of Los Doce Ap\u00f3stoles in Madrid"},"content":{"rendered":"<p>The parish of the Twelve Apostles in Madrid has a dedication of Permanent Adoration of the Blessed Sacrament.<br \/>\nDue to the large influx of people throughout the day, they wanted to move the Exhibitor, located until then in an adjacent chapel, to the center of the Presbytery of the main nave.<\/p>\n<p>The display proposed by Granda has been made using part of an existing one, completed with a base to match the current style and a split frontispiece at the top. It has been finished off with a small temple housing an image of the Risen Jesus. Two small torches symbolizing the light of Christ.<\/p>","protected":false},"excerpt":{"rendered":"<p>La parroquia de los Doce Ap\u00f3stoles de Madrid tiene dedicaci\u00f3n de Adoraci\u00f3n Permanente del Sant\u00edsimo. Debido a la gran afluencia de gente a lo largo del d\u00eda, quer\u00edan trasladar el Expositor, situado hasta entonces en una capilla adyacente, al centro del Presbiterio de la nave principal. El expositor propuesto por Granda se ha realizado utilizando [&hellip;]<\/p>\n","protected":false},"author":4416,"featured_media":13381,"comment_status":"open","ping_status":"closed","sticky":false,"template":"","format":"standard","meta":{"_acf_changed":false,"_monsterinsights_skip_tracking":false,"_monsterinsights_sitenote_active":false,"_monsterinsights_sitenote_note":"","_monsterinsights_sitenote_category":0,"footnotes":""},"categories":[204,206,210],"tags":[672,673,219],"lista_post":[],"class_list":["post-13380","post","type-post","status-publish","format-standard","has-post-thumbnail","hentry","category-liturgia","category-orfebreria","category-proyectos","tag-adoracion-eucaristica","tag-expositor","tag-orfebreria"],"acf":[],"_links":{"self":[{"href":"https:\/\/granda.com\/en\/wp-json\/wp\/v2\/posts\/13380","targetHints":{"allow":["GET"]}}],"collection":[{"href":"https:\/\/granda.com\/en\/wp-json\/wp\/v2\/posts"}],"about":[{"href":"https:\/\/granda.com\/en\/wp-json\/wp\/v2\/types\/post"}],"author":[{"embeddable":true,"href":"https:\/\/granda.com\/en\/wp-json\/wp\/v2\/users\/4416"}],"replies":[{"embeddable":true,"href":"https:\/\/granda.com\/en\/wp-json\/wp\/v2\/comments?post=13380"}],"version-history":[{"count":1,"href":"https:\/\/granda.com\/en\/wp-json\/wp\/v2\/posts\/13380\/revisions"}],"predecessor-version":[{"id":17329,"href":"https:\/\/granda.com\/en\/wp-json\/wp\/v2\/posts\/13380\/revisions\/17329"}],"wp:featuredmedia":[{"embeddable":true,"href":"https:\/\/granda.com\/en\/wp-json\/wp\/v2\/media\/13381"}],"wp:attachment":[{"href":"https:\/\/granda.com\/en\/wp-json\/wp\/v2\/media?parent=13380"}],"wp:term":[{"taxonomy":"category","embeddable":true,"href":"https:\/\/granda.com\/en\/wp-json\/wp\/v2\/categories?post=13380"},{"taxonomy":"post_tag","embeddable":true,"href":"https:\/\/granda.com\/en\/wp-json\/wp\/v2\/tags?post=13380"},{"taxonomy":"lista_post","embeddable":true,"href":"https:\/\/granda.com\/en\/wp-json\/wp\/v2\/lista_post?post=13380"}],"curies":[{"name":"wp","href":"https:\/\/api.w.org\/{rel}","templated":true}]}}