{"id":13998,"date":"2017-11-27T00:00:00","date_gmt":"2017-11-27T00:00:00","guid":{"rendered":"https:\/\/granda.com\/una-casulla-de-damasco-exclusiva-para-la-ceremonia-de-beatificacion-de-60-martires-vicencianos-en-madrid\/"},"modified":"2022-10-06T08:59:42","modified_gmt":"2022-10-06T08:59:42","slug":"an-exclusive-damask-chasuble-for-the-beatification-ceremony-of-60-vincentian-martyrs-in-madrid","status":"publish","type":"post","link":"https:\/\/granda.com\/en\/una-casulla-de-damasco-exclusiva-para-la-ceremonia-de-beatificacion-de-60-martires-vicencianos-en-madrid\/","title":{"rendered":"Exclusive damask chasuble for the beatification ceremony of 60 Vincentian martyrs in Madrid"},"content":{"rendered":"<p style=\"text-align:justify;\">The past <strong>November 11<\/strong> Cardinal Angelo Amato, Prefect of the Congregation for the Causes of Saints proclaimed, in the name of Pope Francis, <strong>60 members of the Vincentian Family beatified<\/strong>martyred during the religious persecution of 1936.<\/p>\n<p style=\"text-align:justify;\"><strong>The chasubles&nbsp;<\/strong>with which the celebrants and concelebrants were clothed <strong>were handmade in our workshop in Los Rosales.<\/strong>The chasuble of Cardinal Angelo Amato was made specifically for the ceremony, the rest was commissioned by the Episcopal Conference.<\/p>\n<p>\t\t\t<img loading=\"lazy\" decoding=\"async\" class=\"alignnone size-full wp-image-5825\" src=\"https:\/\/granda.com\/wp-content\/uploads\/2021\/10\/img_6163.jpg\" alt=\"IMG_6163\" width=\"822\" height=\"548\" title=\"\"><\/p>\n<p>MATERIALS AND DESIGN<\/p>\n<p style=\"text-align:justify;\">For the elaboration of the chasuble, the following has been used<strong>&nbsp;red apricot<\/strong>red is the liturgical color that corresponds to a <strong>mass of martyrs<\/strong> according to ecclesiastical legislation. The design is made up of two elements that form the <strong>motifs on the canvas: the cross of Christ and the palm of martyrdom.<\/strong><\/p>\n<p>\t\t\tIn addition, its design is distinguished by the presence of a<strong> applied metal cross<\/strong> on the fabric in the chest area and by the presence of an <strong>gold braiding<\/strong> which enriches both the collar area and the central strip and stripes.<\/p>\n<!-- Slider main container -->\r\n\t\t<div class=\"swiper\">\r\n\t\t  <!-- Additional required wrapper -->\r\n\t\t  <div class=\"swiper-wrapper\">\r\n\t\t\t<!-- Slides -->\r\n\t\t\t  \r\n\t\t\t  \t\t\t\t<div class=\"swiper-slide\">\r\n\t\t\t    \t<img decoding=\"async\" class=\"nolazy\" src=\"https:\/\/granda.com\/wp-content\/uploads\/2022\/01\/img_2057-e15114527043941.jpg\" alt=\"\" title=\"\">\r\n\t\t\t    <\/div>\r\n\t\t\t  \t\t\t\t<div class=\"swiper-slide\">\r\n\t\t\t    \t<img decoding=\"async\" class=\"nolazy\" src=\"https:\/\/granda.com\/wp-content\/uploads\/2022\/01\/img_2060-e1511453474344.jpg\" alt=\"\" title=\"\">\r\n\t\t\t    <\/div>\r\n\t\t\t  \t\t  <\/div>\r\n\r\n\t\t  <!-- If we need navigation buttons -->\r\n\t\t  <div class=\"swiper-button-prev\"><\/div>\r\n\t\t  <div class=\"swiper-button-next\"><\/div>\r\n\t\t<\/div>\r\n\r\n\t\t<script>\r\n\t\t\twindow.addEventListener(\"load\", function() {\r\n\t\t\t\t\tconst swiper = new Swiper('.swiper', {\r\n\t\t\t\t  speed: 400,\r\n\t\t\t\t  spaceBetween: 100,\r\n\t\t\t\t   navigation: {\r\n\t\t\t\t\tnextEl: '.swiper-button-next',\r\n\t\t\t\t\tprevEl: '.swiper-button-prev',\r\n\t\t\t\t  },\r\n\t\t\t\t});\r\n\t\t\t\t\r\n\t\t\t\t\r\n\t\t\t\tdocument.querySelectorAll(\".swiper-slide img\").forEach(image => {\r\n\t\t\t\t\timage.addEventListener(\"click\", function() {\r\n\t\t\t\t\t\tlet backdrop = document.createElement(\"section\");\r\n\t\t\t\t\t\t\r\n\t\t\t\t\t\tbackdrop.classList.add(\"slide-backdrop\");\r\n\t\t\t\t\t\t\r\n\t\t\t\t\t\tlet img = document.createElement(\"img\");\r\n\t\t\t\t\t\timg.src = this.src;\r\n\t\t\t\t\t\t\r\n\t\t\t\t\t\tbackdrop.appendChild(img);\r\n\t\t\t\t\t\t\r\n\t\t\t\t\t\tbackdrop.addEventListener(\"click\", function() {\r\n\t\t\t\t\t\t\tbackdrop.style.opacity = 0;\r\n\t\t\t\t\t\t\tsetTimeout(() => {\r\n\t\t\t\t\t\t\t\tbackdrop.remove();\r\n\t\t\t\t\t\t\t\tdocument.body.style.overflow = \"\";\r\n\t\t\t\t\t\t\t}, 500)\r\n\t\t\t\t\t\t})\r\n\t\t\t\t\t\t\r\n\t\t\t\t\t\tdocument.body.appendChild(backdrop);\r\n\t\t\t\t\t\tdocument.body.style.overflow = \"hidden\";\r\n\t\t\t\t\t\t\r\n\t\t\t\t\t});\r\n\t\t\t\t})\r\n\t\t\t})\r\n\t\t\t\r\n\t\t<\/script>\r\n\r\n\t\t<style>\r\n\t\t\t.swiper {\r\n\t\t\t\tmargin-bottom: 30px;\r\n\t\t\t}\r\n\r\n\t\t\t.swiper-slide img {\r\n\t\t\t\tmax-height: 400px;\r\n\t\t\t\tdisplay: block;\r\n\t\t\t\tmargin: auto;\r\n\t\t\t\tcursor: pointer;\r\n\t\t\t\twidth: auto;\r\n\t\t\t}\r\n\t\t\t\r\n\t\t\t.swiper-wrapper {\r\n\t\t\t\talign-items: stretch!important;\r\n\t\t\t}\r\n\t\t\t\r\n\t\t\t.swiper-slide {\r\n\t\t\t\theight: auto;\r\n\t\t\t\tdisplay: flex;\r\n\t\t\t\tflex-direction: column;\r\n\t\t\t\tjustify-content: center;\r\n\t\t\t}\r\n\t\t\t\r\n\t\t\t.swiper-button-next, .swiper-button-prev {\r\n\t\t\t\tcolor: #CAA966!important;\r\n\t\t\t}\r\n\t\t\t\r\n\t\t\t.slide-backdrop {\r\n\t\t\t\tposition: fixed;\r\n\t\t\t\twidth: 100vw;\r\n\t\t\t\theight: 100vh;\r\n\t\t\t\ttop: 0;\r\n\t\t\t\tleft: 0;\r\n\t\t\t\tbackground: rgba(0,0,0,0.5);\r\n\t\t\t\tz-index: 999;\r\n\t\t\t\ttransition: .5s;\r\n\t\t\t}\r\n\t\t\t\r\n\t\t\t.slide-backdrop img {\r\n\t\t\t\tdisplay: block;\r\n\t\t\t\tmargin: auto;\r\n\t\t\t\ttop: 50%;\r\n\t\t\t\tposition: relative;\r\n\t\t\t\ttransform: translateY(-50%);\r\n\t\t\t\tmax-width: 90%;\r\n\t\t\t\tmax-height: 90%;\r\n\t\t\t}\r\n\t\t<\/style>\r\n\r\n\t\t\n<p>&nbsp;<\/p>\n<div id=\"attachment_5824\" style=\"width: 1410px\" class=\"wp-caption alignnone\"><img loading=\"lazy\" decoding=\"async\" aria-describedby=\"caption-attachment-5824\" class=\"alignnone size-full wp-image-5824\" src=\"https:\/\/granda.com\/wp-content\/uploads\/2021\/10\/img-20171117-wa0006.jpg\" alt=\"IMG-20171117-WA0006\" width=\"1400\" height=\"933\" title=\"\"><p id=\"caption-attachment-5824\" class=\"wp-caption-text\">Photograph by Jose Luis Bona\u00f1o (archimadrid.org)<\/p><\/div>\n<div id=\"attachment_5827\" style=\"width: 1150px\" class=\"wp-caption alignnone\"><img loading=\"lazy\" decoding=\"async\" aria-describedby=\"caption-attachment-5827\" class=\"alignnone size-full wp-image-5827\" src=\"https:\/\/granda.com\/wp-content\/uploads\/2021\/10\/img-20171117-wa0003-e1511451056644.jpg\" alt=\"img-20171117-wa0003.jpg\" width=\"1140\" height=\"808\" title=\"\"><p id=\"caption-attachment-5827\" class=\"wp-caption-text\">Photograph by Jose Luis Bona\u00f1o (archimadrid.org)<\/p><\/div>","protected":false},"excerpt":{"rendered":"<p>El pasado 11 de noviembre el Cardenal Angelo Amato, Prefecto de la Congregaci\u00f3n para las Causas de los Santos proclam\u00f3, en nombre del Papa Francisco, beatos a 60 miembros de la Familia Vicenciana, martirizados durante la persecuci\u00f3n religiosa de 1936. Las casullas&nbsp;con las que se revistieron celebrantes y concelebrantes fueron realizadas a mano en nuestro [&hellip;]<\/p>\n","protected":false},"author":4416,"featured_media":13999,"comment_status":"open","ping_status":"closed","sticky":false,"template":"","format":"standard","meta":{"_acf_changed":false,"_monsterinsights_skip_tracking":false,"_monsterinsights_sitenote_active":false,"_monsterinsights_sitenote_note":"","_monsterinsights_sitenote_category":0,"footnotes":""},"categories":[207,210],"tags":[776,753,777,624,358,340,778],"lista_post":[],"class_list":["post-13998","post","type-post","status-publish","format-standard","has-post-thumbnail","hentry","category-ornamentos-textiles","category-proyectos","tag-beatificaciones","tag-casulla","tag-damasco","tag-liturgia","tag-martires","tag-ornamentos-textiles","tag-textil"],"acf":[],"_links":{"self":[{"href":"https:\/\/granda.com\/en\/wp-json\/wp\/v2\/posts\/13998","targetHints":{"allow":["GET"]}}],"collection":[{"href":"https:\/\/granda.com\/en\/wp-json\/wp\/v2\/posts"}],"about":[{"href":"https:\/\/granda.com\/en\/wp-json\/wp\/v2\/types\/post"}],"author":[{"embeddable":true,"href":"https:\/\/granda.com\/en\/wp-json\/wp\/v2\/users\/4416"}],"replies":[{"embeddable":true,"href":"https:\/\/granda.com\/en\/wp-json\/wp\/v2\/comments?post=13998"}],"version-history":[{"count":1,"href":"https:\/\/granda.com\/en\/wp-json\/wp\/v2\/posts\/13998\/revisions"}],"predecessor-version":[{"id":17267,"href":"https:\/\/granda.com\/en\/wp-json\/wp\/v2\/posts\/13998\/revisions\/17267"}],"wp:featuredmedia":[{"embeddable":true,"href":"https:\/\/granda.com\/en\/wp-json\/wp\/v2\/media\/13999"}],"wp:attachment":[{"href":"https:\/\/granda.com\/en\/wp-json\/wp\/v2\/media?parent=13998"}],"wp:term":[{"taxonomy":"category","embeddable":true,"href":"https:\/\/granda.com\/en\/wp-json\/wp\/v2\/categories?post=13998"},{"taxonomy":"post_tag","embeddable":true,"href":"https:\/\/granda.com\/en\/wp-json\/wp\/v2\/tags?post=13998"},{"taxonomy":"lista_post","embeddable":true,"href":"https:\/\/granda.com\/en\/wp-json\/wp\/v2\/lista_post?post=13998"}],"curies":[{"name":"wp","href":"https:\/\/api.w.org\/{rel}","templated":true}]}}