{"id":14017,"date":"2017-12-06T00:00:00","date_gmt":"2017-12-06T00:00:00","guid":{"rendered":"https:\/\/granda.com\/por-que-se-emplea-una-casulla-especial-para-la-fiesta-de-la-inmaculada-del-8-de-diciembre\/"},"modified":"2022-10-06T08:59:25","modified_gmt":"2022-10-06T08:59:25","slug":"why-a-special-chasuble-is-used-for-the-feast-of-the-immaculate-conception-on-december-8th","status":"publish","type":"post","link":"https:\/\/granda.com\/en\/por-que-se-emplea-una-casulla-especial-para-la-fiesta-de-la-inmaculada-del-8-de-diciembre\/","title":{"rendered":"Why is a special chasuble used for the Feast of the Immaculate Conception on December 8?"},"content":{"rendered":"<h3 style=\"text-align:justify;\">The Feast of the Immaculate Conception<\/h3>\n<p style=\"text-align:justify;\">The dogma of the Immaculate Conception, as expressed in the bull&nbsp;<i>Ineffabilis Deus<\/i>The apostolic epistle of Pius IX, published on December 8, 1854, refers to Mary as <strong>free from all sin from the very moment of conception:<\/strong><\/p>\n<p style=\"padding-left:60px;text-align:justify;\">(...)&nbsp;<em>To the honor of the Most Holy Trinity, for the joy of the Catholic Church, with the authority of our Lord Jesus Christ, with that of the Holy Apostles Peter and Paul and with ours: <strong>We define, affirm and pronounce that the doctrine which holds that the Blessed Virgin Mary was preserved immune from all stain of original guilt from the first instant of her conception, by the singular privilege and grace of Almighty God, in view of the merits of Christ-Jesus, Savior of the human race, has been revealed by God and must therefore be firmly and constantly believed by all the faithful.<\/strong>(Excerpt from the Bull Ineffabilis Deus).<\/em><\/p>\n<p style=\"text-align:justify;\">\n<div id=\"attachment_5846\" style=\"width: 810px\" class=\"wp-caption alignnone\"><a href=\"http:\/\/www.granda.com\/es\/75-virgen\"><img loading=\"lazy\" decoding=\"async\" aria-describedby=\"caption-attachment-5846\" class=\"alignnone size-full wp-image-5846\" src=\"https:\/\/granda.com\/wp-content\/uploads\/2021\/10\/virgen-con-nino.jpg\" alt=\"virgin-with-nine\" width=\"800\" height=\"800\" title=\"\"><\/a><p id=\"caption-attachment-5846\" class=\"wp-caption-text\">Virgin and Child statue, handmade in polychrome resin in Talleres de Arte Granda.<\/p><\/div>\n<p style=\"text-align:justify;\">It also contrasts the figure of Mary with that of Eve in relation to the fall and redemption of the human race and exalts Mary's purity and divine maternity.<\/p>\n<p style=\"text-align:justify;\"><strong>The feast of the Immaculate Conception has been celebrated in Spain on December 8 since 1644,<\/strong> although already in Spain, during the Middle Ages, there was a popular devotion to the Immaculate Conception of Mary. The date was set 9 months before the celebration of Mary's birth, which the Church celebrates on September 8.<\/p>\n<h3 style=\"text-align:justify;\">A special chasuble, symbol of Mary's purity<\/h3>\n<p style=\"text-align:justify;\">The <a href=\"http:\/\/www.granda.com\/es\/84-especial-inmaculada\">Marian chasuble<\/a>symbol of the<strong> purity and virginity of Mary<\/strong> is used for the feasts of the Virgin. In order to use this blue chasuble a special permission from the Holy See is needed, a permission that was granted to Spain in 1864 as thanks to the defense of the dogmas of the Immaculate Conception.<\/p>\n<p style=\"text-align:justify;\">The coloring of these chasubles, based on different <strong>shades of blue<\/strong>is inspired by the Christian tradition, since these <strong>colors have been associated since ancient times with the Virgin in her representation of purity and truth.<\/strong><\/p>\n<p style=\"text-align:justify;\">Here we show you some models of Marian chasubles handmade entirely in the workshop Los Rosales de Granda.<\/p>\n<h3 class=\"product_name\" style=\"padding-left:30px;\">Hand-embroidered Marian chasuble<\/h3>\n<div class=\"bg_price\">\n<div class=\"content_prices clearfix\">\n<div class=\"price titleFont\"><\/div>\n<div class=\"clear\">\n<div id=\"attachment_5847\" style=\"width: 810px\" class=\"wp-caption alignnone\"><a href=\"http:\/\/www.granda.com\/es\/especial-inmaculada\/620-mariana-bordada-a-mano-620.html\"><img loading=\"lazy\" decoding=\"async\" aria-describedby=\"caption-attachment-5847\" class=\"alignnone size-full wp-image-5847\" src=\"https:\/\/granda.com\/wp-content\/uploads\/2021\/10\/mariana-bordada-a-mano-620-1.jpg\" alt=\"mariana-embroidered-to-hand-620 (1)\" width=\"800\" height=\"800\" title=\"\"><\/a><p id=\"caption-attachment-5847\" class=\"wp-caption-text\">Viscose gothic chasuble with gold brocade and central strip of blue velvet.<br \/>Marian motifs embroidered by hand using the appliqu\u00e9 embroidery technique.<\/p><\/div>\n<\/div>\n<\/div>\n<\/div>\n<div id=\"short_description_block\"><\/div>\n<h3><\/h3>\n<h3 style=\"padding-left:30px;\">Mariana Chasuble Anagram silver\/gold<\/h3>\n<p>&nbsp;<\/p>\n<div id=\"attachment_5849\" style=\"width: 810px\" class=\"wp-caption alignnone\"><a href=\"http:\/\/www.granda.com\/es\/marianas\/89-mariana-anagrama-oro-89.html\"><img loading=\"lazy\" decoding=\"async\" aria-describedby=\"caption-attachment-5849\" class=\"alignnone size-full wp-image-5849\" src=\"https:\/\/granda.com\/wp-content\/uploads\/2021\/10\/mariana-anagrama-oro-89.jpg\" alt=\"mariana-anagram-gold-89.jpg\" width=\"800\" height=\"800\" title=\"\"><\/a><p id=\"caption-attachment-5849\" class=\"wp-caption-text\">Gothic Marian chasuble in gold and different shades of blue, made of viscose damask with central strip of viscose satin.  The central embroidered motif represents the Marian anagram \"Auspicie Maria\", which means \"under the protection of Mary\".<\/p><\/div>\n<div id=\"attachment_5850\" style=\"width: 810px\" class=\"wp-caption alignnone\"><a href=\"http:\/\/www.granda.com\/es\/marianas\/90-mariana-anagrama-plata-90.html\"><img loading=\"lazy\" decoding=\"async\" aria-describedby=\"caption-attachment-5850\" class=\"alignnone size-full wp-image-5850\" src=\"https:\/\/granda.com\/wp-content\/uploads\/2021\/10\/mariana-anagrama-plata-90.jpg\" alt=\"mariana-anagram-silver-90.jpg\" width=\"800\" height=\"800\" title=\"\"><\/a><p id=\"caption-attachment-5850\" class=\"wp-caption-text\">Gothic Marian chasuble in silver and different shades of blue, made of viscose damask with a central strip of viscose satin crawl.  The central embroidered motif represents the Marian anagram \"Auspicie Maria\", which means \"under the protection of Mary\".<\/p><\/div>\n<h3 class=\"product_name\" style=\"padding-left:30px;\">Marian Chasuble Nicolae collection<\/h3>\n<div id=\"attachment_5848\" style=\"width: 810px\" class=\"wp-caption alignnone\"><a href=\"http:\/\/www.granda.com\/es\/marianas\/88-mariana-nicolae.html\"><img loading=\"lazy\" decoding=\"async\" aria-describedby=\"caption-attachment-5848\" class=\"alignnone size-full wp-image-5848\" src=\"https:\/\/granda.com\/wp-content\/uploads\/2021\/10\/mariana-nicolae.jpg\" alt=\"mariana-nicolae\" width=\"800\" height=\"800\" title=\"\"><\/a><p id=\"caption-attachment-5848\" class=\"wp-caption-text\">Gothic chasuble made of viscose with silver brocade. The central embroidered medallion represents the Marian anagram \"Auspicie Maria\", which means \"under the protection of Mary\".<\/p><\/div>\n<p>&nbsp;<\/p>\n<h3>Special models<\/h3>\n<p>In addition to these models, it is possible to elaborate original designs adapted to the customer's taste, as in the case of this model. <a href=\"https:\/\/granda.com\/en\/2017\/09\/21\/una-casulla-mariana-para-celebrar-el-centenario-de-las-apariciones-en-fatima\/\">Marian chasuble ordered from USA<\/a> on the occasion of the centenary of the apparitions of Fatima.<\/p>\n<!-- Slider main container -->\r\n\t\t<div class=\"swiper\">\r\n\t\t  <!-- Additional required wrapper -->\r\n\t\t  <div class=\"swiper-wrapper\">\r\n\t\t\t<!-- Slides -->\r\n\t\t\t  \r\n\t\t\t  \t\t\t\t<div class=\"swiper-slide\">\r\n\t\t\t    \t<img decoding=\"async\" class=\"nolazy\" src=\"https:\/\/granda.com\/wp-content\/uploads\/2022\/01\/img_02161.jpg\" alt=\"\" title=\"\">\r\n\t\t\t    <\/div>\r\n\t\t\t  \t\t\t\t<div class=\"swiper-slide\">\r\n\t\t\t    \t<img decoding=\"async\" class=\"nolazy\" src=\"https:\/\/granda.com\/wp-content\/uploads\/2022\/01\/img_02291.jpg\" alt=\"\" title=\"\">\r\n\t\t\t    <\/div>\r\n\t\t\t  \t\t  <\/div>\r\n\r\n\t\t  <!-- If we need navigation buttons -->\r\n\t\t  <div class=\"swiper-button-prev\"><\/div>\r\n\t\t  <div class=\"swiper-button-next\"><\/div>\r\n\t\t<\/div>\r\n\r\n\t\t<script>\r\n\t\t\twindow.addEventListener(\"load\", function() {\r\n\t\t\t\t\tconst swiper = new Swiper('.swiper', {\r\n\t\t\t\t  speed: 400,\r\n\t\t\t\t  spaceBetween: 100,\r\n\t\t\t\t   navigation: {\r\n\t\t\t\t\tnextEl: '.swiper-button-next',\r\n\t\t\t\t\tprevEl: '.swiper-button-prev',\r\n\t\t\t\t  },\r\n\t\t\t\t});\r\n\t\t\t\t\r\n\t\t\t\t\r\n\t\t\t\tdocument.querySelectorAll(\".swiper-slide img\").forEach(image => {\r\n\t\t\t\t\timage.addEventListener(\"click\", function() {\r\n\t\t\t\t\t\tlet backdrop = document.createElement(\"section\");\r\n\t\t\t\t\t\t\r\n\t\t\t\t\t\tbackdrop.classList.add(\"slide-backdrop\");\r\n\t\t\t\t\t\t\r\n\t\t\t\t\t\tlet img = document.createElement(\"img\");\r\n\t\t\t\t\t\timg.src = this.src;\r\n\t\t\t\t\t\t\r\n\t\t\t\t\t\tbackdrop.appendChild(img);\r\n\t\t\t\t\t\t\r\n\t\t\t\t\t\tbackdrop.addEventListener(\"click\", function() {\r\n\t\t\t\t\t\t\tbackdrop.style.opacity = 0;\r\n\t\t\t\t\t\t\tsetTimeout(() => {\r\n\t\t\t\t\t\t\t\tbackdrop.remove();\r\n\t\t\t\t\t\t\t\tdocument.body.style.overflow = \"\";\r\n\t\t\t\t\t\t\t}, 500)\r\n\t\t\t\t\t\t})\r\n\t\t\t\t\t\t\r\n\t\t\t\t\t\tdocument.body.appendChild(backdrop);\r\n\t\t\t\t\t\tdocument.body.style.overflow = \"hidden\";\r\n\t\t\t\t\t\t\r\n\t\t\t\t\t});\r\n\t\t\t\t})\r\n\t\t\t})\r\n\t\t\t\r\n\t\t<\/script>\r\n\r\n\t\t<style>\r\n\t\t\t.swiper {\r\n\t\t\t\tmargin-bottom: 30px;\r\n\t\t\t}\r\n\r\n\t\t\t.swiper-slide img {\r\n\t\t\t\tmax-height: 400px;\r\n\t\t\t\tdisplay: block;\r\n\t\t\t\tmargin: auto;\r\n\t\t\t\tcursor: pointer;\r\n\t\t\t\twidth: auto;\r\n\t\t\t}\r\n\t\t\t\r\n\t\t\t.swiper-wrapper {\r\n\t\t\t\talign-items: stretch!important;\r\n\t\t\t}\r\n\t\t\t\r\n\t\t\t.swiper-slide {\r\n\t\t\t\theight: auto;\r\n\t\t\t\tdisplay: flex;\r\n\t\t\t\tflex-direction: column;\r\n\t\t\t\tjustify-content: center;\r\n\t\t\t}\r\n\t\t\t\r\n\t\t\t.swiper-button-next, .swiper-button-prev {\r\n\t\t\t\tcolor: #CAA966!important;\r\n\t\t\t}\r\n\t\t\t\r\n\t\t\t.slide-backdrop {\r\n\t\t\t\tposition: fixed;\r\n\t\t\t\twidth: 100vw;\r\n\t\t\t\theight: 100vh;\r\n\t\t\t\ttop: 0;\r\n\t\t\t\tleft: 0;\r\n\t\t\t\tbackground: rgba(0,0,0,0.5);\r\n\t\t\t\tz-index: 999;\r\n\t\t\t\ttransition: .5s;\r\n\t\t\t}\r\n\t\t\t\r\n\t\t\t.slide-backdrop img {\r\n\t\t\t\tdisplay: block;\r\n\t\t\t\tmargin: auto;\r\n\t\t\t\ttop: 50%;\r\n\t\t\t\tposition: relative;\r\n\t\t\t\ttransform: translateY(-50%);\r\n\t\t\t\tmax-width: 90%;\r\n\t\t\t\tmax-height: 90%;\r\n\t\t\t}\r\n\t\t<\/style>\r\n\r\n\t\t\n<p style=\"text-align:justify;\">The chasuble, of white color, has been embroidered by hand with the technique of shading with natural silk thread. The central strip, embroidered on red with the technique of appliqu\u00e9 embroidery presents an embroidery of six invocations of the Virgin, made by hand with gold and silver tisues, as well as natural silk fabrics.<\/p>\n<p>\t\t\t&nbsp;<\/p>","protected":false},"excerpt":{"rendered":"<p>La fiesta de la Inmaculada El dogma de la Inmaculada Concepci\u00f3n,&nbsp;expresado en la bula&nbsp;Ineffabilis Deus, ep\u00edstola apost\u00f3lica de P\u00edo IX publicada el&nbsp;8 de diciembre&nbsp;de&nbsp;1854, se refiere a Mar\u00eda como libre de todo pecado desde el instante mismo de su concepci\u00f3n: (...)&nbsp;Para honra de la Sant\u00edsima Trinidad, para la alegr\u00eda de la Iglesia cat\u00f3lica, con la [&hellip;]<\/p>\n","protected":false},"author":4416,"featured_media":14023,"comment_status":"open","ping_status":"closed","sticky":false,"template":"","format":"standard","meta":{"_acf_changed":false,"_monsterinsights_skip_tracking":false,"_monsterinsights_sitenote_active":false,"_monsterinsights_sitenote_note":"","_monsterinsights_sitenote_category":0,"footnotes":""},"categories":[210],"tags":[753,763,779,624,340,780],"lista_post":[],"class_list":["post-14017","post","type-post","status-publish","format-standard","has-post-thumbnail","hentry","category-proyectos","tag-casulla","tag-casulla-mariana","tag-inmaculada-concepcion","tag-liturgia","tag-ornamentos-textiles","tag-virgen-maria"],"acf":[],"_links":{"self":[{"href":"https:\/\/granda.com\/en\/wp-json\/wp\/v2\/posts\/14017","targetHints":{"allow":["GET"]}}],"collection":[{"href":"https:\/\/granda.com\/en\/wp-json\/wp\/v2\/posts"}],"about":[{"href":"https:\/\/granda.com\/en\/wp-json\/wp\/v2\/types\/post"}],"author":[{"embeddable":true,"href":"https:\/\/granda.com\/en\/wp-json\/wp\/v2\/users\/4416"}],"replies":[{"embeddable":true,"href":"https:\/\/granda.com\/en\/wp-json\/wp\/v2\/comments?post=14017"}],"version-history":[{"count":1,"href":"https:\/\/granda.com\/en\/wp-json\/wp\/v2\/posts\/14017\/revisions"}],"predecessor-version":[{"id":17266,"href":"https:\/\/granda.com\/en\/wp-json\/wp\/v2\/posts\/14017\/revisions\/17266"}],"wp:featuredmedia":[{"embeddable":true,"href":"https:\/\/granda.com\/en\/wp-json\/wp\/v2\/media\/14023"}],"wp:attachment":[{"href":"https:\/\/granda.com\/en\/wp-json\/wp\/v2\/media?parent=14017"}],"wp:term":[{"taxonomy":"category","embeddable":true,"href":"https:\/\/granda.com\/en\/wp-json\/wp\/v2\/categories?post=14017"},{"taxonomy":"post_tag","embeddable":true,"href":"https:\/\/granda.com\/en\/wp-json\/wp\/v2\/tags?post=14017"},{"taxonomy":"lista_post","embeddable":true,"href":"https:\/\/granda.com\/en\/wp-json\/wp\/v2\/lista_post?post=14017"}],"curies":[{"name":"wp","href":"https:\/\/api.w.org\/{rel}","templated":true}]}}