{"id":14026,"date":"2018-01-04T00:00:00","date_gmt":"2018-01-04T00:00:00","guid":{"rendered":"https:\/\/granda.com\/nuestra-senora-de-la-encarnacion-una-talla-especial-para-la-catedral-de-almeria\/"},"modified":"2022-10-06T08:58:28","modified_gmt":"2022-10-06T08:58:28","slug":"our-lady-of-the-incarnation-a-special-carving-for-the-cathedral-of-almeria","status":"publish","type":"post","link":"https:\/\/granda.com\/en\/nuestra-senora-de-la-encarnacion-una-talla-especial-para-la-catedral-de-almeria\/","title":{"rendered":"Our Lady of the Incarnation, a special carving for the Cathedral of Almeria."},"content":{"rendered":"<p style=\"text-align:justify;\">This representation of <strong>Our Lady of the Incarnation<\/strong> was made in our workshops and presented in the Cathedral of Almeria in November. It is a <strong>carving of round bulk worked in linden wood, stewed, gilded and polychromed.<\/strong>.<\/p>\n<p style=\"text-align:justify;\">The image represents the Virgin Mary seated on a throne, tenderly embracing the Child. The Child, seated on his left knee, raises his hand in blessing.<\/p>\n<p style=\"text-align:center;\"><img loading=\"lazy\" decoding=\"async\" class=\"alignnone  wp-image-5879\" src=\"https:\/\/granda.com\/wp-content\/uploads\/2021\/10\/v1.jpg\" alt=\"v1\" width=\"517\" height=\"844\" title=\"\"><\/p>\n<p>\t\t\t&nbsp;<\/p>\n<p style=\"text-align:justify;\">THE VIRGIN AND CHILD IN CHRISTIAN ICONOGRAPHY<\/p>\n<p style=\"text-align:justify;\">The representation of the Virgin with the Child Jesus seated or standing on her lap has its origins in the <strong>Oriental religions of antiquity<\/strong>from which we have images such as that of Isis with her son Horus, and from later references present in <strong>medieval christian art<\/strong> that present to <strong>the Virgin as \"Sedes Sapientiae\" or throne of God <\/strong>and the Child on his legs occupying the central position.<\/p>\n<p style=\"text-align:justify;\">As of <strong>Gothic period <\/strong>and as naturalism progresses in art, the theme begins to move away from the figuration of Mary as a \"throne\" to place greater emphasis on the <strong>mother-child affection relationship<\/strong>The relationship is a close relationship, full of tenderness, which aims to move the hearts of the faithful. From this point on, the secondary role of Mary-throne begins to be lost and the love between Jesus and Mary acquires the leading role.<\/p>\n<div id=\"attachment_5884\" style=\"width: 950px\" class=\"wp-caption alignnone\"><img loading=\"lazy\" decoding=\"async\" aria-describedby=\"caption-attachment-5884\" class=\"alignnone size-full wp-image-5884\" src=\"https:\/\/granda.com\/wp-content\/uploads\/2021\/10\/captura4.jpg\" alt=\"Capture4\" width=\"940\" height=\"457\" title=\"\"><p id=\"caption-attachment-5884\" class=\"wp-caption-text\"><em>1. Faience statuette of Isis and Horus, Eton College Myers Collection.<\/em><br \/><em>2. Virgin seated with Child. XII century. Cathedral of Navarra<\/em><br \/><em>3. White Virgin. XIII Century, Toledo Cathedral.<\/em><\/p><\/div>\n<p>The Virgin of the Incarnation has a posture far removed from medieval rigidity and symmetry, more heir to naturalistic representation.<\/p>\n<p style=\"text-align:justify;\">In order for the image to be effectively integrated into the whole of the presbytery, Renaissance and early Andalusian and Levantine Baroque sculptures were used as stylistic references, giving more movement to the pose and gesture, as well as to the draping of the drapery and the design of the stews, which reproduce historical fabrics of the time, incorporating Marian iconography. The position, gesture and orientation of the heads were made thinking of the location of the image in the presbytery of the cathedral, so that the virgin and the child would encompass the faithful with their gaze.<\/p>\n<p>\t\t\t&nbsp;<\/p>\n<p style=\"text-align:justify;\">DESIGN, MODELING AND CARVING PROCESSES<\/p>\n<p style=\"text-align:justify;\">This project for the Cathedral of Almeria was approached with an initial work of <strong>documentation<\/strong> which gave rise to different <strong>sketches and test models<\/strong> made of clay.<\/p>\n<p>\t\t\t<img loading=\"lazy\" decoding=\"async\" class=\"alignnone size-full wp-image-5885\" src=\"https:\/\/granda.com\/wp-content\/uploads\/2021\/10\/captura31.jpg\" alt=\"Capture3\" width=\"710\" height=\"403\" title=\"\"><\/p>\n<p style=\"text-align:justify;\">Once the final model has been chosen, it is subjected to a process of <strong>digitalization<\/strong> which consists of scanning the surface of the part, obtaining from it a <strong>3D image. <\/strong>This is one of the technological innovations that our R &amp; D team has incorporated into the workshop, always knowing that this means that does not conclude the work, as the work is not finished. <strong>the most important contribution, with the greatest artistic value and which makes the work unique, is always made by the artist.<\/strong><\/p>\n<p style=\"text-align:justify;\">The three-dimensional image obtained is then sent to a numerical control machine that performs the milling on a block of wood. Subsequently it is the <strong>carver <\/strong>who<strong> culminates the work by sculpting the details on the volumes of the piece and providing life and movement to the work.<\/strong><\/p>\n<p style=\"text-align:justify;\"><strong>&nbsp;<img loading=\"lazy\" decoding=\"async\" class=\"alignnone size-full wp-image-5886\" src=\"https:\/\/granda.com\/wp-content\/uploads\/2021\/10\/captura6.jpg\" alt=\"Capture6\" width=\"814\" height=\"690\" title=\"\"><\/strong><\/p>\n<p style=\"text-align:justify;\">GILDING AND POLYCHROMING PROCESSES, AND STEAMING AND POLISHING TECHNIQUES<\/p>\n<p style=\"text-align:justify;\">Once the carving is finished, it is passed to the polychrome section, where <strong>the part is prepared and protected<\/strong> with strips of canvas and a coat of hot rabbit glue that ensures the opening of the pores and a good adhesion of the rigging.<\/p>\n<p style=\"text-align:justify;\">After this process, the carving is ready to receive the different finishes, among them, the<strong> water gilding with fine gold and stewing, two outstanding techniques at Talleres de Arte Granda that are nourished by artisan traditions preserved for centuries. <\/strong>Since the gold cannot be applied directly on the wood, the carving first receives several layers of white plaster and black plaster, rabbit glue, bowl... until an optimal base for the gilding is formed. The <strong>sheets of<\/strong> <strong>23K gold, are carefully applied on this new base.<\/strong> with a pomazon and a flat brush, two tools used by the gilder in view of the fragility and thinness of the fine gold leaf.<\/p>\n<p>\t\t\t<img loading=\"lazy\" decoding=\"async\" class=\"alignnone size-full wp-image-5888\" src=\"https:\/\/granda.com\/wp-content\/uploads\/2021\/10\/capturauhu.jpg\" alt=\"Capturauhu\" width=\"875\" height=\"674\" title=\"\"><\/p>\n<p style=\"text-align:justify;\">Once the piece has been gilded, the <strong>The technique of stewing, which consists of covering all the gold with a layer of tempera paint. <\/strong>Then, with a graphite, either ebony, metal or other hard material, <strong>the surface layer of paint is removed by drawing ornamental motifs on the clothing.<\/strong>simulating the brocade of the fabrics and the sensation of movement. The <strong>colors chosen for the Virgin's vestments - red, blue and white<\/strong> are not arbitrary; they refer symbolically to the Passion of Christ (red tunic), to the concepts of truth and eternity (blue mantle) and to the purity of Mary (white veil).<\/p>\n<p style=\"text-align:justify;\">For the incarnations, the following has been used <strong>polishing technique<\/strong>which consists of covering the rigging layers with oil colors and passing a wet lamb's bladder when it is in its optimum state, so that the previously applied warm and cold tones blend with the general tone of the incarnation. The result is a smooth coat with a characteristic sheen.<\/p>\n<p>\t\t\t<img loading=\"lazy\" decoding=\"async\" class=\"alignnone size-full wp-image-5889\" src=\"https:\/\/granda.com\/wp-content\/uploads\/2021\/10\/d.jpg\" alt=\"d\" width=\"1024\" height=\"683\" title=\"\"><\/p>\n<p>&nbsp;<\/p>\n<!-- Slider main container -->\r\n\t\t<div class=\"swiper\">\r\n\t\t  <!-- Additional required wrapper -->\r\n\t\t  <div class=\"swiper-wrapper\">\r\n\t\t\t<!-- Slides -->\r\n\t\t\t  \r\n\t\t\t  \t\t\t\t<div class=\"swiper-slide\">\r\n\t\t\t    \t<img decoding=\"async\" class=\"nolazy\" src=\"https:\/\/granda.com\/wp-content\/uploads\/2022\/01\/wcw.jpg\" alt=\"\" title=\"\">\r\n\t\t\t    <\/div>\r\n\t\t\t  \t\t\t\t<div class=\"swiper-slide\">\r\n\t\t\t    \t<img decoding=\"async\" class=\"nolazy\" src=\"https:\/\/granda.com\/wp-content\/uploads\/2022\/01\/c3b1c3b1kjb-kj-e1515073884555.jpg\" alt=\"\" title=\"\">\r\n\t\t\t    <\/div>\r\n\t\t\t  \t\t\t\t<div class=\"swiper-slide\">\r\n\t\t\t    \t<img decoding=\"async\" class=\"nolazy\" src=\"https:\/\/granda.com\/wp-content\/uploads\/2022\/01\/dc.jpg\" alt=\"\" title=\"\">\r\n\t\t\t    <\/div>\r\n\t\t\t  \t\t  <\/div>\r\n\r\n\t\t  <!-- If we need navigation buttons -->\r\n\t\t  <div class=\"swiper-button-prev\"><\/div>\r\n\t\t  <div class=\"swiper-button-next\"><\/div>\r\n\t\t<\/div>\r\n\r\n\t\t<script>\r\n\t\t\twindow.addEventListener(\"load\", function() {\r\n\t\t\t\t\tconst swiper = new Swiper('.swiper', {\r\n\t\t\t\t  speed: 400,\r\n\t\t\t\t  spaceBetween: 100,\r\n\t\t\t\t   navigation: {\r\n\t\t\t\t\tnextEl: '.swiper-button-next',\r\n\t\t\t\t\tprevEl: '.swiper-button-prev',\r\n\t\t\t\t  },\r\n\t\t\t\t});\r\n\t\t\t\t\r\n\t\t\t\t\r\n\t\t\t\tdocument.querySelectorAll(\".swiper-slide img\").forEach(image => {\r\n\t\t\t\t\timage.addEventListener(\"click\", function() {\r\n\t\t\t\t\t\tlet backdrop = document.createElement(\"section\");\r\n\t\t\t\t\t\t\r\n\t\t\t\t\t\tbackdrop.classList.add(\"slide-backdrop\");\r\n\t\t\t\t\t\t\r\n\t\t\t\t\t\tlet img = document.createElement(\"img\");\r\n\t\t\t\t\t\timg.src = this.src;\r\n\t\t\t\t\t\t\r\n\t\t\t\t\t\tbackdrop.appendChild(img);\r\n\t\t\t\t\t\t\r\n\t\t\t\t\t\tbackdrop.addEventListener(\"click\", function() {\r\n\t\t\t\t\t\t\tbackdrop.style.opacity = 0;\r\n\t\t\t\t\t\t\tsetTimeout(() => {\r\n\t\t\t\t\t\t\t\tbackdrop.remove();\r\n\t\t\t\t\t\t\t\tdocument.body.style.overflow = \"\";\r\n\t\t\t\t\t\t\t}, 500)\r\n\t\t\t\t\t\t})\r\n\t\t\t\t\t\t\r\n\t\t\t\t\t\tdocument.body.appendChild(backdrop);\r\n\t\t\t\t\t\tdocument.body.style.overflow = \"hidden\";\r\n\t\t\t\t\t\t\r\n\t\t\t\t\t});\r\n\t\t\t\t})\r\n\t\t\t})\r\n\t\t\t\r\n\t\t<\/script>\r\n\r\n\t\t<style>\r\n\t\t\t.swiper {\r\n\t\t\t\tmargin-bottom: 30px;\r\n\t\t\t}\r\n\r\n\t\t\t.swiper-slide img {\r\n\t\t\t\tmax-height: 400px;\r\n\t\t\t\tdisplay: block;\r\n\t\t\t\tmargin: auto;\r\n\t\t\t\tcursor: pointer;\r\n\t\t\t\twidth: auto;\r\n\t\t\t}\r\n\t\t\t\r\n\t\t\t.swiper-wrapper {\r\n\t\t\t\talign-items: stretch!important;\r\n\t\t\t}\r\n\t\t\t\r\n\t\t\t.swiper-slide {\r\n\t\t\t\theight: auto;\r\n\t\t\t\tdisplay: flex;\r\n\t\t\t\tflex-direction: column;\r\n\t\t\t\tjustify-content: center;\r\n\t\t\t}\r\n\t\t\t\r\n\t\t\t.swiper-button-next, .swiper-button-prev {\r\n\t\t\t\tcolor: #CAA966!important;\r\n\t\t\t}\r\n\t\t\t\r\n\t\t\t.slide-backdrop {\r\n\t\t\t\tposition: fixed;\r\n\t\t\t\twidth: 100vw;\r\n\t\t\t\theight: 100vh;\r\n\t\t\t\ttop: 0;\r\n\t\t\t\tleft: 0;\r\n\t\t\t\tbackground: rgba(0,0,0,0.5);\r\n\t\t\t\tz-index: 999;\r\n\t\t\t\ttransition: .5s;\r\n\t\t\t}\r\n\t\t\t\r\n\t\t\t.slide-backdrop img {\r\n\t\t\t\tdisplay: block;\r\n\t\t\t\tmargin: auto;\r\n\t\t\t\ttop: 50%;\r\n\t\t\t\tposition: relative;\r\n\t\t\t\ttransform: translateY(-50%);\r\n\t\t\t\tmax-width: 90%;\r\n\t\t\t\tmax-height: 90%;\r\n\t\t\t}\r\n\t\t<\/style>","protected":false},"excerpt":{"rendered":"<p>Esta representaci\u00f3n de Nuestra Se\u00f1ora de la Encarnaci\u00f3n fue realizada en nuestros talleres y presentada en la Catedral de Almer\u00eda en el mes de noviembre. Se trata de una talla de bulto redondo trabajada en madera de tilo, estofada, dorada y policromada. La imagen representa a la Virgen Mar\u00eda que, sentada sobre un trono, abraza [&hellip;]<\/p>\n","protected":false},"author":4416,"featured_media":14033,"comment_status":"open","ping_status":"closed","sticky":false,"template":"","format":"standard","meta":{"_acf_changed":false,"_monsterinsights_skip_tracking":false,"_monsterinsights_sitenote_active":false,"_monsterinsights_sitenote_note":"","_monsterinsights_sitenote_category":0,"footnotes":""},"categories":[203,210,212],"tags":[],"lista_post":[],"class_list":["post-14026","post","type-post","status-publish","format-standard","has-post-thumbnail","hentry","category-iconografia-cristiana","category-proyectos","category-talla-y-retablos"],"acf":[],"_links":{"self":[{"href":"https:\/\/granda.com\/en\/wp-json\/wp\/v2\/posts\/14026","targetHints":{"allow":["GET"]}}],"collection":[{"href":"https:\/\/granda.com\/en\/wp-json\/wp\/v2\/posts"}],"about":[{"href":"https:\/\/granda.com\/en\/wp-json\/wp\/v2\/types\/post"}],"author":[{"embeddable":true,"href":"https:\/\/granda.com\/en\/wp-json\/wp\/v2\/users\/4416"}],"replies":[{"embeddable":true,"href":"https:\/\/granda.com\/en\/wp-json\/wp\/v2\/comments?post=14026"}],"version-history":[{"count":1,"href":"https:\/\/granda.com\/en\/wp-json\/wp\/v2\/posts\/14026\/revisions"}],"predecessor-version":[{"id":17263,"href":"https:\/\/granda.com\/en\/wp-json\/wp\/v2\/posts\/14026\/revisions\/17263"}],"wp:featuredmedia":[{"embeddable":true,"href":"https:\/\/granda.com\/en\/wp-json\/wp\/v2\/media\/14033"}],"wp:attachment":[{"href":"https:\/\/granda.com\/en\/wp-json\/wp\/v2\/media?parent=14026"}],"wp:term":[{"taxonomy":"category","embeddable":true,"href":"https:\/\/granda.com\/en\/wp-json\/wp\/v2\/categories?post=14026"},{"taxonomy":"post_tag","embeddable":true,"href":"https:\/\/granda.com\/en\/wp-json\/wp\/v2\/tags?post=14026"},{"taxonomy":"lista_post","embeddable":true,"href":"https:\/\/granda.com\/en\/wp-json\/wp\/v2\/lista_post?post=14026"}],"curies":[{"name":"wp","href":"https:\/\/api.w.org\/{rel}","templated":true}]}}