{"id":14210,"date":"2018-03-08T00:00:00","date_gmt":"2018-03-08T00:00:00","guid":{"rendered":"https:\/\/granda.com\/los-santos-ninos-justo-y-pastor-en-el-450-aniversario-de-la-reversion-de-las-reliquias-a-alcala-de-henares\/"},"modified":"2022-10-06T08:52:22","modified_gmt":"2022-10-06T08:52:22","slug":"the-saints-ninos-justo-and-pastor-on-the-450th-anniversary-of-the-reversion-of-the-relics-to-alcala-de-henares","status":"publish","type":"post","link":"https:\/\/granda.com\/en\/los-santos-ninos-justo-y-pastor-en-el-450-aniversario-de-la-reversion-de-las-reliquias-a-alcala-de-henares\/","title":{"rendered":"The Holy Children Justo and Pastor on the 450th anniversary of the Reversion of the Relics to Alcal\u00e1 de Henares."},"content":{"rendered":"<div class=\"\">\n<p class=\"_1mf _1mj\" style=\"text-align:justify;\">Alcal\u00e1 de Henares celebrates the <strong>450th anniversary of the Reversion of the Relics of the Holy Children Justus and Shepherd,<\/strong> the&nbsp;<a href=\"https:\/\/www.obispadoalcala.org\/noticiasDEF.php?subaction=showfull&amp;id=1519122761&amp;archive\" target=\"_blank\" rel=\"noopener\">most important Catholic event of the year in Alcal\u00e1 de Henares<\/a>with the exception of Easter Week, as stated by the <strong>Bishop of Alcal\u00e1, Juan Antonio Reig Pla.&nbsp;<\/strong><\/p>\n<\/div>\n<p style=\"text-align:justify;\">We take this opportunity to recall the history and attributes of these two holy children, regarding this carving that we made in Granda for the chapel of the Episcopal Palace of Alcal\u00e1 de Henares.<\/p>\n<div style=\"text-align:justify;\">\n<div id=\"attachment_6132\" style=\"width: 808px\" class=\"wp-caption alignnone\"><img loading=\"lazy\" decoding=\"async\" aria-describedby=\"caption-attachment-6132\" class=\"alignnone size-full wp-image-6132\" src=\"https:\/\/granda.com\/wp-content\/uploads\/2021\/10\/157-justo-y-pastor-escultura1-e1520521915175.jpg\" alt=\"157-just-and-shepherd-sculpture1.jpg\" width=\"798\" height=\"1442\" title=\"\"><p id=\"caption-attachment-6132\" class=\"wp-caption-text\">The Holy Children are represented with their own attributes: the palm of martyrdom, a parchment from their tasks at school, the sword with which they were beheaded and the rock on which they knelt, on which it is said that the mark of their knees was engraved and which today is venerated in Alcal\u00e1 de Henares.<\/p><\/div>\n<\/div>\n<div><\/div>\n<p>THE CHILDREN WHO STOOD UP TO DIOCLETIAN<\/p>\n<div style=\"text-align:justify;\">\n<div class=\"\">\n<p class=\"_1mf _1mj\">These two little Christians were martyred in the 4th century, during the so-called \"Great Persecution\" of Emperor Diocletian. According to the records, the two children, inflamed by the example of so many Christians who confessed their faith with death, one day, after leaving school, went to Dacian to confess themselves disciples of Jesus Christ, and the proconsul had them beheaded.<\/p>\n<p>\t\t\tThe names of the Holy Children appear in Prudentius' poem, which reads: <em><strong>\"It will always be a glory for Alcal\u00e1 to carry in its lap the blood of Justo and Pastor, two equal sepulchers where the gift of both is contained: their precious members.\"<\/strong><\/em><\/p>\n<\/div>\n<\/div>\n<div><\/div>\n<div>\n<dl id=\"attachment_6133\" class=\"wp-caption alignnone\" style=\"width:1496px;\">\n<dt class=\"wp-caption-dt\"><img loading=\"lazy\" decoding=\"async\" class=\"alignnone size-full wp-image-6133\" src=\"https:\/\/granda.com\/wp-content\/uploads\/2021\/10\/dsc_3030.jpg\" alt=\"DSC_3030.JPG\" width=\"1496\" height=\"2256\" title=\"\"><\/dt>\n<dd class=\"wp-caption-dd\">Sketch modeled in clay of Saints Justo and Pastor.<\/dd>\n<\/dl>\n<\/div>\n<p>&nbsp;<\/p>\n<p><strong>A SCULPTURE OF THE HOLY CHILDREN FOR THE ARCHBISHOP'S PALACE<\/strong><\/p>\n<p><img loading=\"lazy\" decoding=\"async\" class=\"alignnone size-full wp-image-6129\" src=\"https:\/\/granda.com\/wp-content\/uploads\/2021\/10\/obisp-alcala-2.jpg\" alt=\"OLYMPUS DIGITAL CAMERA\" width=\"2048\" height=\"1536\" title=\"\"><\/p>\n<div>\n<p style=\"text-align:justify;\">This is the version of the Holy Children made in our workshops for the chapel of the Archbishop's Palace of Alcal\u00e1 de Henares, in Madrid. For this project we also designed and executed the design of a <strong>varnished cedar wood altarpiece<\/strong>with details gilded with fine gold to the mixti\u00f3n and polychrome areas.<\/p>\n<p style=\"text-align:justify;\">For the central body and the lateral niches of the altarpiece, engraved wooden backdrops were designed, on which were later placed a <strong>Image of Christ the King<\/strong> of 70 cm, model of Granda, carved and waxed and with the crown and the cloth gilded in fine gold. On each side of the Christ, an image of the <strong>Madonna and Child<\/strong> carved in wood, polychromed and with the dresses stewed and the <strong>image of the Holy Children<\/strong>also carved and polychrome wood, and represented with their own attributes: the palm of martyrdom, a parchment typical of children of school age, the sword with which they were beheaded and the rock on which they knelt, on which it is said that the mark of their knees was engraved and which today is venerated in Alcal\u00e1 de Henares.<\/p>\n<\/div>\n<div><\/div>\n<div>\n<div><img loading=\"lazy\" decoding=\"async\" class=\"alignnone size-full wp-image-6130\" src=\"https:\/\/granda.com\/wp-content\/uploads\/2021\/10\/obisp-alcala-e1520514200590.jpg\" alt=\"bishop-alcala.jpg\" width=\"1434\" height=\"1818\" title=\"\"><\/div>\n<div><\/div>\n<div><\/div>\n<\/div>\n<div><img loading=\"lazy\" decoding=\"async\" class=\"alignnone size-full wp-image-6134\" src=\"https:\/\/granda.com\/wp-content\/uploads\/2021\/10\/dsc_3031.jpg\" alt=\"DSC_3031.JPG\" width=\"1496\" height=\"2256\" title=\"\"><\/div>\n<div><\/div>\n<p style=\"text-align:justify;\">In addition, the ambo and the altar were also built, as well as the seat, the throne and the kneelers.<\/p>","protected":false},"excerpt":{"rendered":"<p>Alcal\u00e1 de Henares celebra el 450 aniversario de la Reversi\u00f3n de las Reliquias de los Santos Ni\u00f1os Justo y Pastor, el&nbsp;acto cat\u00f3lico m\u00e1s importante del a\u00f1o en Alcal\u00e1 de Henares, con permiso de la Semana Santa, tal y como ha declarado el Obispo de Alcal\u00e1, Juan Antonio Reig Pla.&nbsp; Aprovechamos para recordar la historia y [&hellip;]<\/p>\n","protected":false},"author":4416,"featured_media":14216,"comment_status":"open","ping_status":"closed","sticky":false,"template":"","format":"standard","meta":{"_acf_changed":false,"_monsterinsights_skip_tracking":false,"_monsterinsights_sitenote_active":false,"_monsterinsights_sitenote_note":"","_monsterinsights_sitenote_category":0,"footnotes":""},"categories":[203,210,212],"tags":[768,226,774,792,793,253],"lista_post":[],"class_list":["post-14210","post","type-post","status-publish","format-standard","has-post-thumbnail","hentry","category-iconografia-cristiana","category-proyectos","category-talla-y-retablos","tag-artesacro","tag-alcala-de-henares","tag-madera","tag-policromia","tag-santos-justo-y-pastor","tag-talla"],"acf":[],"_links":{"self":[{"href":"https:\/\/granda.com\/en\/wp-json\/wp\/v2\/posts\/14210","targetHints":{"allow":["GET"]}}],"collection":[{"href":"https:\/\/granda.com\/en\/wp-json\/wp\/v2\/posts"}],"about":[{"href":"https:\/\/granda.com\/en\/wp-json\/wp\/v2\/types\/post"}],"author":[{"embeddable":true,"href":"https:\/\/granda.com\/en\/wp-json\/wp\/v2\/users\/4416"}],"replies":[{"embeddable":true,"href":"https:\/\/granda.com\/en\/wp-json\/wp\/v2\/comments?post=14210"}],"version-history":[{"count":1,"href":"https:\/\/granda.com\/en\/wp-json\/wp\/v2\/posts\/14210\/revisions"}],"predecessor-version":[{"id":17253,"href":"https:\/\/granda.com\/en\/wp-json\/wp\/v2\/posts\/14210\/revisions\/17253"}],"wp:featuredmedia":[{"embeddable":true,"href":"https:\/\/granda.com\/en\/wp-json\/wp\/v2\/media\/14216"}],"wp:attachment":[{"href":"https:\/\/granda.com\/en\/wp-json\/wp\/v2\/media?parent=14210"}],"wp:term":[{"taxonomy":"category","embeddable":true,"href":"https:\/\/granda.com\/en\/wp-json\/wp\/v2\/categories?post=14210"},{"taxonomy":"post_tag","embeddable":true,"href":"https:\/\/granda.com\/en\/wp-json\/wp\/v2\/tags?post=14210"},{"taxonomy":"lista_post","embeddable":true,"href":"https:\/\/granda.com\/en\/wp-json\/wp\/v2\/lista_post?post=14210"}],"curies":[{"name":"wp","href":"https:\/\/api.w.org\/{rel}","templated":true}]}}