{"id":14717,"date":"2018-12-07T00:00:00","date_gmt":"2018-12-07T00:00:00","guid":{"rendered":"https:\/\/granda.com\/una-escultura-de-la-inmaculada-inspirada-en-una-obra-de-alonso-cano-del-s-xvii\/"},"modified":"2022-10-06T08:38:51","modified_gmt":"2022-10-06T08:38:51","slug":"a-sculpture-of-the-immaculate-conception-inspired-by-a-17th-century-work-by-alonso-cano","status":"publish","type":"post","link":"https:\/\/granda.com\/en\/una-escultura-de-la-inmaculada-inspirada-en-una-obra-de-alonso-cano-del-s-xvii\/","title":{"rendered":"A sculpture of the Immaculate Conception inspired by a 17th century work by Alonso Cano"},"content":{"rendered":"<p>Since the Talleres de Arte Granda was established more than a century ago, numerous commissions for images and carvings of the sculpted image of the Immaculate Conception have been made.<\/p>\n<p>Today we present this work, based on an original work by the acclaimed Spanish artist, Alonso Cano. The original dates from 1655 and is located in the sacristy of the Cathedral of Granada. It was made according to an artist's guide written by Francisco Pacheco, a renowned master of the 17th century. Cano's young and beautiful Virgin Mary is a beautiful and balanced sculpture, inspired by apocalyptic texts.<\/p>\n<!-- Slider main container -->\r\n\t\t<div class=\"swiper\">\r\n\t\t  <!-- Additional required wrapper -->\r\n\t\t  <div class=\"swiper-wrapper\">\r\n\t\t\t<!-- Slides -->\r\n\t\t\t  \r\n\t\t\t  \t\t\t\t<div class=\"swiper-slide\">\r\n\t\t\t    \t<img decoding=\"async\" class=\"nolazy\" src=\"https:\/\/granda.com\/wp-content\/uploads\/2022\/01\/fd1c4e89-6e7b-4e93-a3bd-933540cefa9d.jpg\" alt=\"\" title=\"\">\r\n\t\t\t    <\/div>\r\n\t\t\t  \t\t\t\t<div class=\"swiper-slide\">\r\n\t\t\t    \t<img decoding=\"async\" class=\"nolazy\" src=\"https:\/\/granda.com\/wp-content\/uploads\/2022\/01\/da98238d-3b27-4669-9d1b-ac1da2f046c9.jpg\" alt=\"\" title=\"\">\r\n\t\t\t    <\/div>\r\n\t\t\t  \t\t\t\t<div class=\"swiper-slide\">\r\n\t\t\t    \t<img decoding=\"async\" class=\"nolazy\" src=\"https:\/\/granda.com\/wp-content\/uploads\/2022\/01\/unnamed-scaled.jpg\" alt=\"\" title=\"\">\r\n\t\t\t    <\/div>\r\n\t\t\t  \t\t\t\t<div class=\"swiper-slide\">\r\n\t\t\t    \t<img decoding=\"async\" class=\"nolazy\" src=\"https:\/\/granda.com\/wp-content\/uploads\/2022\/01\/9a9c201b-b011-4828-81d6-5c1ae0d45e3c.jpg\" alt=\"\" title=\"\">\r\n\t\t\t    <\/div>\r\n\t\t\t  \t\t\t\t<div class=\"swiper-slide\">\r\n\t\t\t    \t<img decoding=\"async\" class=\"nolazy\" src=\"https:\/\/granda.com\/wp-content\/uploads\/2022\/01\/cd3bd820-c329-4357-8ea0-8e6e17601d95.jpg\" alt=\"\" title=\"\">\r\n\t\t\t    <\/div>\r\n\t\t\t  \t\t  <\/div>\r\n\r\n\t\t  <!-- If we need navigation buttons -->\r\n\t\t  <div class=\"swiper-button-prev\"><\/div>\r\n\t\t  <div class=\"swiper-button-next\"><\/div>\r\n\t\t<\/div>\r\n\r\n\t\t<script>\r\n\t\t\twindow.addEventListener(\"load\", function() {\r\n\t\t\t\t\tconst swiper = new Swiper('.swiper', {\r\n\t\t\t\t  speed: 400,\r\n\t\t\t\t  spaceBetween: 100,\r\n\t\t\t\t   navigation: {\r\n\t\t\t\t\tnextEl: '.swiper-button-next',\r\n\t\t\t\t\tprevEl: '.swiper-button-prev',\r\n\t\t\t\t  },\r\n\t\t\t\t});\r\n\t\t\t\t\r\n\t\t\t\t\r\n\t\t\t\tdocument.querySelectorAll(\".swiper-slide img\").forEach(image => {\r\n\t\t\t\t\timage.addEventListener(\"click\", function() {\r\n\t\t\t\t\t\tlet backdrop = document.createElement(\"section\");\r\n\t\t\t\t\t\t\r\n\t\t\t\t\t\tbackdrop.classList.add(\"slide-backdrop\");\r\n\t\t\t\t\t\t\r\n\t\t\t\t\t\tlet img = document.createElement(\"img\");\r\n\t\t\t\t\t\timg.src = this.src;\r\n\t\t\t\t\t\t\r\n\t\t\t\t\t\tbackdrop.appendChild(img);\r\n\t\t\t\t\t\t\r\n\t\t\t\t\t\tbackdrop.addEventListener(\"click\", function() {\r\n\t\t\t\t\t\t\tbackdrop.style.opacity = 0;\r\n\t\t\t\t\t\t\tsetTimeout(() => {\r\n\t\t\t\t\t\t\t\tbackdrop.remove();\r\n\t\t\t\t\t\t\t\tdocument.body.style.overflow = \"\";\r\n\t\t\t\t\t\t\t}, 500)\r\n\t\t\t\t\t\t})\r\n\t\t\t\t\t\t\r\n\t\t\t\t\t\tdocument.body.appendChild(backdrop);\r\n\t\t\t\t\t\tdocument.body.style.overflow = \"hidden\";\r\n\t\t\t\t\t\t\r\n\t\t\t\t\t});\r\n\t\t\t\t})\r\n\t\t\t})\r\n\t\t\t\r\n\t\t<\/script>\r\n\r\n\t\t<style>\r\n\t\t\t.swiper {\r\n\t\t\t\tmargin-bottom: 30px;\r\n\t\t\t}\r\n\r\n\t\t\t.swiper-slide img {\r\n\t\t\t\tmax-height: 400px;\r\n\t\t\t\tdisplay: block;\r\n\t\t\t\tmargin: auto;\r\n\t\t\t\tcursor: pointer;\r\n\t\t\t\twidth: auto;\r\n\t\t\t}\r\n\t\t\t\r\n\t\t\t.swiper-wrapper {\r\n\t\t\t\talign-items: stretch!important;\r\n\t\t\t}\r\n\t\t\t\r\n\t\t\t.swiper-slide {\r\n\t\t\t\theight: auto;\r\n\t\t\t\tdisplay: flex;\r\n\t\t\t\tflex-direction: column;\r\n\t\t\t\tjustify-content: center;\r\n\t\t\t}\r\n\t\t\t\r\n\t\t\t.swiper-button-next, .swiper-button-prev {\r\n\t\t\t\tcolor: #CAA966!important;\r\n\t\t\t}\r\n\t\t\t\r\n\t\t\t.slide-backdrop {\r\n\t\t\t\tposition: fixed;\r\n\t\t\t\twidth: 100vw;\r\n\t\t\t\theight: 100vh;\r\n\t\t\t\ttop: 0;\r\n\t\t\t\tleft: 0;\r\n\t\t\t\tbackground: rgba(0,0,0,0.5);\r\n\t\t\t\tz-index: 999;\r\n\t\t\t\ttransition: .5s;\r\n\t\t\t}\r\n\t\t\t\r\n\t\t\t.slide-backdrop img {\r\n\t\t\t\tdisplay: block;\r\n\t\t\t\tmargin: auto;\r\n\t\t\t\ttop: 50%;\r\n\t\t\t\tposition: relative;\r\n\t\t\t\ttransform: translateY(-50%);\r\n\t\t\t\tmax-width: 90%;\r\n\t\t\t\tmax-height: 90%;\r\n\t\t\t}\r\n\t\t<\/style>\r\n\r\n\t\t\n<p>The original by Cano is only about 55 cm high, the Inmaculada Concepci\u00f3n de Granda is life-size, carved, like the original, in cedar wood and polychrome.<\/p>\n<p><strong>SYMBOLISM OF THE IMMACULATE<\/strong><\/p>\n<p>This representation of the Mother of God has the attributes traditionally associated with this invocation of the Virgin. These attributes are none other than those found in chapter 12 of Revelation:<\/p>\n<p><em>\"And a great sign appeared in heaven, a woman clothed with the sun, with the moon under her feet, and a crown of twelve stars upon her head; and she was with child, and cried, travailing in birth, and pained to be delivered\" Revelation, 12<\/em><\/p>\n<p>-Of a shining face, with a crown of twelve stars on his head.<\/p>\n<p>-Pregnant, carrying Christ<\/p>\n<p>-With a moon underfoot<\/p>\n<p>&nbsp;<\/p>\n<p>&nbsp;<\/p>\n<p>&nbsp;<\/p>","protected":false},"excerpt":{"rendered":"<p>Desde que se constituyeron los Talleres de Arte Granda hace m\u00e1s de un siglo, se han realizado numerosos encargos de im\u00e1genes y tallas de la imagen esculpida de la Inmaculada Concepci\u00f3n. Hoy os presentamos esta obra,&nbsp; basada en una obra original del aclamado artista espa\u00f1ol, Alonso Cano. El original data de 1655 y se encuentra [&hellip;]<\/p>\n","protected":false},"author":4416,"featured_media":14718,"comment_status":"open","ping_status":"closed","sticky":false,"template":"","format":"standard","meta":{"_acf_changed":false,"_monsterinsights_skip_tracking":false,"_monsterinsights_sitenote_active":false,"_monsterinsights_sitenote_note":"","_monsterinsights_sitenote_category":0,"footnotes":""},"categories":[210],"tags":[],"lista_post":[],"class_list":["post-14717","post","type-post","status-publish","format-standard","has-post-thumbnail","hentry","category-proyectos"],"acf":[],"_links":{"self":[{"href":"https:\/\/granda.com\/en\/wp-json\/wp\/v2\/posts\/14717","targetHints":{"allow":["GET"]}}],"collection":[{"href":"https:\/\/granda.com\/en\/wp-json\/wp\/v2\/posts"}],"about":[{"href":"https:\/\/granda.com\/en\/wp-json\/wp\/v2\/types\/post"}],"author":[{"embeddable":true,"href":"https:\/\/granda.com\/en\/wp-json\/wp\/v2\/users\/4416"}],"replies":[{"embeddable":true,"href":"https:\/\/granda.com\/en\/wp-json\/wp\/v2\/comments?post=14717"}],"version-history":[{"count":1,"href":"https:\/\/granda.com\/en\/wp-json\/wp\/v2\/posts\/14717\/revisions"}],"predecessor-version":[{"id":17219,"href":"https:\/\/granda.com\/en\/wp-json\/wp\/v2\/posts\/14717\/revisions\/17219"}],"wp:featuredmedia":[{"embeddable":true,"href":"https:\/\/granda.com\/en\/wp-json\/wp\/v2\/media\/14718"}],"wp:attachment":[{"href":"https:\/\/granda.com\/en\/wp-json\/wp\/v2\/media?parent=14717"}],"wp:term":[{"taxonomy":"category","embeddable":true,"href":"https:\/\/granda.com\/en\/wp-json\/wp\/v2\/categories?post=14717"},{"taxonomy":"post_tag","embeddable":true,"href":"https:\/\/granda.com\/en\/wp-json\/wp\/v2\/tags?post=14717"},{"taxonomy":"lista_post","embeddable":true,"href":"https:\/\/granda.com\/en\/wp-json\/wp\/v2\/lista_post?post=14717"}],"curies":[{"name":"wp","href":"https:\/\/api.w.org\/{rel}","templated":true}]}}