{"id":14992,"date":"2019-05-10T00:00:00","date_gmt":"2019-05-10T00:00:00","guid":{"rendered":"https:\/\/granda.com\/st-mary-by-the-sea-un-espacio-de-culto-integrado-y-atractivo-en-la-diocesis-de-orange-california\/"},"modified":"2022-10-06T08:30:57","modified_gmt":"2022-10-06T08:30:57","slug":"st-mary-by-the-sea-an-integrated-and-attractive-worship-space-in-the-diocese-of-orange-california","status":"publish","type":"post","link":"https:\/\/granda.com\/en\/st-mary-by-the-sea-un-espacio-de-culto-integrado-y-atractivo-en-la-diocesis-de-orange-california\/","title":{"rendered":"St. Mary by the Sea, an integrated and inviting worship space in the Diocese of Orange, California"},"content":{"rendered":"<p><a href=\"http:\/\/www.stmarysbythesea.net\/\" target=\"_blank\" rel=\"noopener\">St. Mary by the Sea<\/a> is a church of <strong>early 20th century<\/strong>located in the diocese of <strong>Orange, California<\/strong>. We moved there to carry out this integral reform of the temple.<\/p>\n<p>The objective of the project was to create a <strong>integrated and attractive worship space<\/strong> with an altar that would allow the celebration of the Holy Mass in both ways, backwards and facing the people.<\/p>\n<p><img loading=\"lazy\" decoding=\"async\" class=\"aligncenter wp-image-7234\" src=\"https:\/\/granda.com\/wp-content\/uploads\/2019\/05\/54b74799-8f3d-4ec7-8712-1f6867a37c48.jpg?w=300\" alt=\"\" width=\"649\" height=\"539\" title=\"\"><\/p>\n<p>The parish wanted the <strong>sagrario<\/strong> the center of the sanctuary, thus occupying the place of greatest relevance, and that the carving of the <strong>Christ crucified<\/strong> out the <strong>dominant image in the presbytery as a whole<\/strong>.<\/p>\n<p><img loading=\"lazy\" decoding=\"async\" class=\"wp-image-7238 aligncenter\" src=\"https:\/\/granda.com\/wp-content\/uploads\/2021\/10\/07335d40-23b6-4853-a004-4e7e0ebec65c-scaled.jpg\" alt=\"\" width=\"490\" height=\"621\" title=\"\"><\/p>\n<p>The altarpiece, which houses on both sides two statues of <strong>St. Joseph and Our Lady<\/strong> The original parish statue leaves the central space to this crucifix, so that it is the one that receives the eyes of the faithful at the first glance.<\/p>\n<p>In addition to the altarpiece and altar, it was proposed to add a communion rail and a side shrine dedicated to the <strong>Divine Mercy<\/strong>.<\/p>\n<p><img loading=\"lazy\" decoding=\"async\" class=\"wp-image-7235 aligncenter\" src=\"https:\/\/granda.com\/wp-content\/uploads\/2021\/10\/d29e393b-c054-4e30-98af-2733f2864a39-scaled.jpg\" alt=\"\" width=\"645\" height=\"529\" title=\"\"><\/p>\n<p>All the elements made in the workshop are made of wood, varnished or polychromed and enriched with gilded details.<\/p>\n<p>The images of the Virgin Mary in the church as a whole are particularly noteworthy. <strong>Holy Trinity and&nbsp; <\/strong>of the aforementioned<strong> Jesus Crucified<\/strong> that surpasses the altarpiece. The Crucifix is a fully carved wooden sculpture, on a background painted with the technique of oil on board.<\/p>\n<p>Above the tabernacle we find an image of the <strong>Holy Pelican<\/strong>The pelican, very common in Christian iconography as a representation of Jesus Christ. In ancient times it was believed that the pelican wounded itself in the chest to feed its young in the same way that Jesus Christ gave his life to save his own. The tabernacle is flanked by two statues of <strong>adoring angels<\/strong>polychromed with glazes that show the natural grain of the wood.<\/p>\n<p><img loading=\"lazy\" decoding=\"async\" class=\"wp-image-7236 aligncenter\" src=\"https:\/\/granda.com\/wp-content\/uploads\/2021\/10\/9ab74b54-7b8c-4a19-9477-f2202bea99de-scaled.jpg\" alt=\"\" width=\"402\" height=\"595\" title=\"\"><\/p>\n<p><img loading=\"lazy\" decoding=\"async\" class=\"wp-image-7237 aligncenter\" src=\"https:\/\/granda.com\/wp-content\/uploads\/2021\/10\/1a60c833-7f1d-461d-846a-04c7bda95c49.jpg\" alt=\"\" width=\"414\" height=\"431\" title=\"\"><\/p>","protected":false},"excerpt":{"rendered":"<p>St. Mary by the Sea es una iglesia de principios del siglo XX, ubicada en la di\u00f3cesis de Orange, California. All\u00ed nos trasladamos para llevar a cabo est\u00e1 reforma integral del templo. El objetivo del proyecto era crear un espacio de culto integrado y atractivo con un altar que permitiera la celebraci\u00f3n de la Santa [&hellip;]<\/p>\n","protected":false},"author":4416,"featured_media":14997,"comment_status":"open","ping_status":"closed","sticky":false,"template":"","format":"standard","meta":{"_acf_changed":false,"_monsterinsights_skip_tracking":false,"_monsterinsights_sitenote_active":false,"_monsterinsights_sitenote_note":"","_monsterinsights_sitenote_category":0,"footnotes":""},"categories":[210,212],"tags":[396,261,831,832,249],"lista_post":[],"class_list":["post-14992","post","type-post","status-publish","format-standard","has-post-thumbnail","hentry","category-proyectos","category-talla-y-retablos","tag-arte","tag-arte-sacro","tag-california","tag-reformas","tag-retablo"],"acf":[],"_links":{"self":[{"href":"https:\/\/granda.com\/en\/wp-json\/wp\/v2\/posts\/14992","targetHints":{"allow":["GET"]}}],"collection":[{"href":"https:\/\/granda.com\/en\/wp-json\/wp\/v2\/posts"}],"about":[{"href":"https:\/\/granda.com\/en\/wp-json\/wp\/v2\/types\/post"}],"author":[{"embeddable":true,"href":"https:\/\/granda.com\/en\/wp-json\/wp\/v2\/users\/4416"}],"replies":[{"embeddable":true,"href":"https:\/\/granda.com\/en\/wp-json\/wp\/v2\/comments?post=14992"}],"version-history":[{"count":1,"href":"https:\/\/granda.com\/en\/wp-json\/wp\/v2\/posts\/14992\/revisions"}],"predecessor-version":[{"id":17203,"href":"https:\/\/granda.com\/en\/wp-json\/wp\/v2\/posts\/14992\/revisions\/17203"}],"wp:featuredmedia":[{"embeddable":true,"href":"https:\/\/granda.com\/en\/wp-json\/wp\/v2\/media\/14997"}],"wp:attachment":[{"href":"https:\/\/granda.com\/en\/wp-json\/wp\/v2\/media?parent=14992"}],"wp:term":[{"taxonomy":"category","embeddable":true,"href":"https:\/\/granda.com\/en\/wp-json\/wp\/v2\/categories?post=14992"},{"taxonomy":"post_tag","embeddable":true,"href":"https:\/\/granda.com\/en\/wp-json\/wp\/v2\/tags?post=14992"},{"taxonomy":"lista_post","embeddable":true,"href":"https:\/\/granda.com\/en\/wp-json\/wp\/v2\/lista_post?post=14992"}],"curies":[{"name":"wp","href":"https:\/\/api.w.org\/{rel}","templated":true}]}}