{"id":17666,"date":"2017-04-17T17:32:03","date_gmt":"2017-04-17T15:32:03","guid":{"rendered":"https:\/\/granda.com\/oratorios-capillas\/"},"modified":"2017-04-17T17:32:03","modified_gmt":"2017-04-17T15:32:03","slug":"oratories-chapels","status":"publish","type":"post","link":"https:\/\/granda.com\/en\/oratorios-capillas\/","title":{"rendered":"Oratories and chapels"},"content":{"rendered":"<div class=\"row\">\n<div class=\"col-sm-12 text-center image\"><img decoding=\"async\" alt=\"Episcopal Palace Chapel\" src=\"http:\/\/granda.com\/img\/cms\/proyectos\/oratorios-capillas\/capilla-palacio-episcopal.jpg\" title=\"\"><\/div>\n<div class=\"col-sm-12\">\n<h1 style=\"text-align:center;\">Oratories and chapels<\/h1>\n<\/p><\/div>\n<div class=\"col-sm-12 text\">\n<p style=\"text-align:justify;\">Whether for public, semi-public or private chapels, GRANDA takes care of the rehabilitation and installation of oratories and chapels, in addition to providing all the necessary elements for worship, as well as the sacred objects and textile ornaments needed for the different liturgical acts.<\/p>\n<p style=\"text-align:justify;\">Granda's designers take care to study each job in a particular way, giving the most appropriate solutions to each client. Each request is attended individually and each creation is elaborated in a unique way.<\/p>\n<p style=\"text-align:justify;\">Capable of incorporating all kinds of materials and techniques, including the latest technology to any work.<\/p>\n<\/p><\/div>\n<div class=\"col-sm-6 image\"><img decoding=\"async\" alt=\"University of Navarra Oratory\" src=\"http:\/\/granda.com\/img\/cms\/proyectos\/oratorios-capillas\/oratorio-universidad-navarra.jpg\" title=\"\"><\/div>\n<div class=\"col-sm-6 image\"><img decoding=\"async\" alt=\"Retamar College Oratory\" src=\"http:\/\/granda.com\/img\/cms\/proyectos\/oratorios-capillas\/oratorio-colegio-retamar.jpg\" title=\"\"><\/div>\n<\/p><\/div>\n<div class=\"row\">\n<div class=\"footer-top col-sm-12\">\n<div class=\"az-instagram\">\n<div class=\"block-content block-content-instagram\">\n<div class=\"instagram-item\"><a class=\"instagram-item-image\" href=\"http:\/\/granda.com\/en\/img\/cms\/projects\/oratories-chapels\/gallery\/baldaquino-thomas-aquinas-college-california-eeuu.jpg\/\"> <img decoding=\"async\" alt=\"\" src=\"http:\/\/granda.com\/img\/cms\/proyectos\/oratorios-capillas\/gallery\/Baldaquino-Thomas-Aquinas-College-California-EEUU_thumb.jpg\" title=\"\"><span class=\"bg-hover\">\u00a0<\/span> <span class=\"icon-hover\">+<\/span> <\/a><\/div>\n<div class=\"instagram-item\"><a class=\"instagram-item-image\" href=\"http:\/\/granda.com\/en\/img\/cms\/projects\/oratories-chapels\/gallery\/capilla-adoracion-perpetua-zaragoza.jpg\/\"> <img decoding=\"async\" alt=\"\" src=\"http:\/\/granda.com\/img\/cms\/proyectos\/oratorios-capillas\/gallery\/Capilla-Adoracion-Perpetua-Zaragoza_thumb.jpg\" title=\"\"><span class=\"bg-hover\">\u00a0<\/span> <span class=\"icon-hover\">+<\/span> <\/a><\/div>\n<div class=\"instagram-item\"><a class=\"instagram-item-image\" href=\"http:\/\/granda.com\/en\/img\/cms\/projects\/oratories-chapels\/gallery\/capilla-cadena-cope-madrid.jpg\/\"> <img decoding=\"async\" alt=\"\" src=\"http:\/\/granda.com\/img\/cms\/proyectos\/oratorios-capillas\/gallery\/Capilla-Cadena-Cope-Madrid_thumb.jpg\" title=\"\"><span class=\"bg-hover\">\u00a0<\/span> <span class=\"icon-hover\">+<\/span> <\/a><\/div>\n<div class=\"instagram-item\"><a class=\"instagram-item-image\" href=\"http:\/\/granda.com\/en\/img\/cms\/projects\/oratories-chapels\/gallery\/capilla-obispo-palacio-episcopal-alcala-henares-madrid.jpg\/\"> <img decoding=\"async\" alt=\"\" src=\"http:\/\/granda.com\/img\/cms\/proyectos\/oratorios-capillas\/gallery\/Capilla-Obispo-Palacio-Episcopal-Alcala-Henares-Madrid_thumb.jpg\" title=\"\"><span class=\"bg-hover\">\u00a0<\/span> <span class=\"icon-hover\">+<\/span> <\/a><\/div>\n<div class=\"instagram-item\"><a class=\"instagram-item-image\" href=\"http:\/\/granda.com\/en\/img\/cms\/projects\/oratories-chapels\/gallery\/capilla-seminario-shrewsbury-reino-unido.jpg\/\"> <img decoding=\"async\" alt=\"\" src=\"http:\/\/granda.com\/img\/cms\/proyectos\/oratorios-capillas\/gallery\/Capilla-Seminario-Shrewsbury-Reino-Unido_thumb.jpg\" title=\"\"><span class=\"bg-hover\">\u00a0<\/span> <span class=\"icon-hover\">+<\/span> <\/a><\/div>\n<div class=\"instagram-item\"><a class=\"instagram-item-image\" href=\"http:\/\/granda.com\/en\/img\/cms\/projects\/oratories-chapels\/gallery\/oratorio-colegio-los-olmos-madrid.jpg\/\"> <img decoding=\"async\" alt=\"\" src=\"http:\/\/granda.com\/img\/cms\/proyectos\/oratorios-capillas\/gallery\/Oratorio-Colegio-Los-Olmos-Madrid_thumb.jpg\" title=\"\"><span class=\"bg-hover\">\u00a0<\/span> <span class=\"icon-hover\">+<\/span> <\/a><\/div>\n<div class=\"instagram-item\"><a class=\"instagram-item-image\" href=\"http:\/\/granda.com\/en\/img\/cms\/projects\/oratories-chapels\/gallery\/oratorio-colegio-retamar-madrid.jpg\/\"> <img decoding=\"async\" alt=\"\" src=\"http:\/\/granda.com\/img\/cms\/proyectos\/oratorios-capillas\/gallery\/Oratorio-Colegio-Retamar-Madrid_thumb.jpg\" title=\"\"><span class=\"bg-hover\">\u00a0<\/span> <span class=\"icon-hover\">+<\/span> <\/a><\/div>\n<div class=\"instagram-item\"><a class=\"instagram-item-image\" href=\"http:\/\/granda.com\/en\/img\/cms\/projects\/oratories-chapels\/gallery\/oratorio-escuela-ingenieros-universidad-navarra-san-sebastian.jpg\/\"> <img decoding=\"async\" alt=\"\" src=\"http:\/\/granda.com\/img\/cms\/proyectos\/oratorios-capillas\/gallery\/Oratorio-Escuela-ingenieros-Universidad-Navarra-San-Sebastian_thumb.jpg\" title=\"\"><span class=\"bg-hover\">\u00a0<\/span> <span class=\"icon-hover\">+<\/span> <\/a><\/div>\n<div class=\"instagram-item\"><a class=\"instagram-item-image\" href=\"http:\/\/granda.com\/en\/img\/cms\/projects\/oratories-chapels\/gallery\/oratorio-residencia-sacerdotal-roma.jpg\/\"> <img decoding=\"async\" alt=\"\" src=\"http:\/\/granda.com\/img\/cms\/proyectos\/oratorios-capillas\/gallery\/Oratorio-residencia-sacerdotal-Roma_thumb.jpg\" title=\"\"><span class=\"bg-hover\">\u00a0<\/span> <span class=\"icon-hover\">+<\/span> <\/a><\/div>\n<div class=\"instagram-item\"><a class=\"instagram-item-image\" href=\"http:\/\/granda.com\/en\/img\/cms\/projects\/oratories-chapels\/gallery\/oratorio-universidad-la-sabana-bogota-colombia.jpg\/\"> <img decoding=\"async\" alt=\"\" src=\"http:\/\/granda.com\/img\/cms\/proyectos\/oratorios-capillas\/gallery\/Oratorio-Universidad-La-Sabana-Bogota-Colombia_thumb.jpg\" title=\"\"><span class=\"bg-hover\">\u00a0<\/span> <span class=\"icon-hover\">+<\/span> <\/a><\/div>\n<\/p><\/div>\n<\/p><\/div>\n<\/p><\/div>\n<\/p><\/div>","protected":false},"excerpt":{"rendered":"<p>Oratorios y capillas Ya sean de uso p\u00fablico, semi-p\u00fablico o capillas privadas, GRANDA se ocupa de la rehabilitaci\u00f3n y la instalaci\u00f3n de oratorios y capillas, adem\u00e1s de proveer de todos los elementos necesarios para el culto, as\u00ed como los objetos sagrados y los ornamentos textiles necesarios para los diferentes actos lit\u00fargicos. Los proyectistas de Granda, [&hellip;]<\/p>\n","protected":false},"author":7,"featured_media":0,"comment_status":"closed","ping_status":"closed","sticky":false,"template":"","format":"standard","meta":{"_acf_changed":false,"_monsterinsights_skip_tracking":false,"_monsterinsights_sitenote_active":false,"_monsterinsights_sitenote_note":"","_monsterinsights_sitenote_category":0,"footnotes":""},"categories":[],"tags":[],"lista_post":[],"class_list":["post-17666","post","type-post","status-publish","format-standard","hentry"],"acf":[],"_links":{"self":[{"href":"https:\/\/granda.com\/en\/wp-json\/wp\/v2\/posts\/17666","targetHints":{"allow":["GET"]}}],"collection":[{"href":"https:\/\/granda.com\/en\/wp-json\/wp\/v2\/posts"}],"about":[{"href":"https:\/\/granda.com\/en\/wp-json\/wp\/v2\/types\/post"}],"author":[{"embeddable":true,"href":"https:\/\/granda.com\/en\/wp-json\/wp\/v2\/users\/7"}],"replies":[{"embeddable":true,"href":"https:\/\/granda.com\/en\/wp-json\/wp\/v2\/comments?post=17666"}],"version-history":[{"count":0,"href":"https:\/\/granda.com\/en\/wp-json\/wp\/v2\/posts\/17666\/revisions"}],"wp:attachment":[{"href":"https:\/\/granda.com\/en\/wp-json\/wp\/v2\/media?parent=17666"}],"wp:term":[{"taxonomy":"category","embeddable":true,"href":"https:\/\/granda.com\/en\/wp-json\/wp\/v2\/categories?post=17666"},{"taxonomy":"post_tag","embeddable":true,"href":"https:\/\/granda.com\/en\/wp-json\/wp\/v2\/tags?post=17666"},{"taxonomy":"lista_post","embeddable":true,"href":"https:\/\/granda.com\/en\/wp-json\/wp\/v2\/lista_post?post=17666"}],"curies":[{"name":"wp","href":"https:\/\/api.w.org\/{rel}","templated":true}]}}